{"id":46281,"date":"2022-02-14T08:19:20","date_gmt":"2022-02-14T11:19:20","guid":{"rendered":"https:\/\/www.centraldenoticias.com.ar\/?p=46281"},"modified":"2022-02-14T08:23:38","modified_gmt":"2022-02-14T11:23:38","slug":"en-olavarria-el-polo-productivo-de-la-region-oceanica-bonaerense-tuvo-su-primer-encuentro","status":"publish","type":"post","link":"https:\/\/cdnoticias.com\/index.php\/2022\/02\/14\/en-olavarria-el-polo-productivo-de-la-region-oceanica-bonaerense-tuvo-su-primer-encuentro\/","title":{"rendered":"En Olavarr\u00eda, el Polo Productivo de la Regi\u00f3n Oce\u00e1nica Bonaerense tuvo su primer encuentro"},"content":{"rendered":"<p>Se plantearon los ejes, objetivos y metas comunes a las distintas instituciones que lo conforman. La pr\u00f3xima reuni\u00f3n ser\u00e1 el 18 de marzo en Tandil.<!--more--><\/p>\n<hr \/>\n<p>En las \u00faltimas horas, en la sede de nuestra instituci\u00f3n, la comisi\u00f3n provisoria y los representantes de las entidades que forman parte del<strong> Polo Productivo de la Regi\u00f3n Oce\u00e1nica Bonaerense<\/strong> tuvieron su primer encuentro anual.\u00a0 Se desarroll\u00f3 de manera exitosa y fue dirigido por <a href=\"https:\/\/cdnoticias.com\/index.php\/2022\/02\/10\/el-presidente-del-polo-productivo-de-la-region-oceanica-bonaerense-ya-esta-en-olavarria\/\" target=\"_blank\" rel=\"noopener\">su presidente, Miguel S\u00e1nchez<\/a>. Desde la UIO estuvieron presentes Cesar Longo, Sergio Corso y Vanesa Andreis.<\/p>\n<p>&nbsp;<\/p>\n<p><img data-recalc-dims=\"1\" loading=\"lazy\" decoding=\"async\" class=\"aligncenter wp-image-46175 size-large\" src=\"https:\/\/i0.wp.com\/cdnoticias.com\/wp-content\/uploads\/2022\/02\/WhatsApp-Image-2022-02-10-at-13.03.55.jpeg?resize=800%2C600&#038;ssl=1\" alt=\"\" width=\"800\" height=\"600\" srcset=\"https:\/\/i0.wp.com\/cdnoticias.com\/wp-content\/uploads\/2022\/02\/WhatsApp-Image-2022-02-10-at-13.03.55.jpeg?resize=1024%2C768&amp;ssl=1 1024w, https:\/\/i0.wp.com\/cdnoticias.com\/wp-content\/uploads\/2022\/02\/WhatsApp-Image-2022-02-10-at-13.03.55.jpeg?resize=300%2C225&amp;ssl=1 300w, https:\/\/i0.wp.com\/cdnoticias.com\/wp-content\/uploads\/2022\/02\/WhatsApp-Image-2022-02-10-at-13.03.55.jpeg?resize=768%2C576&amp;ssl=1 768w, https:\/\/i0.wp.com\/cdnoticias.com\/wp-content\/uploads\/2022\/02\/WhatsApp-Image-2022-02-10-at-13.03.55.jpeg?resize=1536%2C1152&amp;ssl=1 1536w, https:\/\/i0.wp.com\/cdnoticias.com\/wp-content\/uploads\/2022\/02\/WhatsApp-Image-2022-02-10-at-13.03.55.jpeg?w=1600&amp;ssl=1 1600w\" sizes=\"auto, (max-width: 800px) 100vw, 800px\" \/><\/p>\n<p>&nbsp;<\/p>\n<p>Tambi\u00e9n, participaron integrantes de la C\u00e1mara Empresaria de Tandil, la C\u00e1mara de Comercio e Industria de Balcarce y los ejecutivos de negocios de Garantizar. Conjuntamente, se realiz\u00f3 un encuentro v\u00eda la plataforma Zoom que conect\u00f3 a representantes de la Uni\u00f3n Industrial de Bah\u00eda Blanca; ADIMRA, CIMSBA, ABIN, UTN Regional Mar del Plata, Puerto de Mar del Plata, Cluster de Alimentos MdP, Parque Industrial Gral. Savio, Puerto de Quequ\u00e9n, C\u00e1mara de Profesionales de Puerto de Quequ\u00e9n, Miramar, Puerto de Bah\u00eda Blanca, Consorcio de Gesti\u00f3n de Puerto Rosales y autoridades del INTI (Instituto Nacional de Tecnolog\u00eda Industrial).<\/p>\n<p>&nbsp;<\/p>\n<p>En la mesa de trabajo, que comenz\u00f3 el jueves por la ma\u00f1ana, se trataron temas referidos a las<strong> acciones que se deben tomar respecto a la constituci\u00f3n legal de la asociaci\u00f3n y los pasos a seguir.<\/strong> Como as\u00ed tambi\u00e9n, los ejes, objetivos y metas en com\u00fan de las distintas instituciones que lo conforman. En tanto, se acord\u00f3 <strong>el 18 de marzo como la nueva fecha dispuesta para el pr\u00f3ximo encuentro en la localidad de Tandil.<\/strong><\/p>\n<p>&nbsp;<\/p>\n<p><img data-recalc-dims=\"1\" loading=\"lazy\" decoding=\"async\" class=\"aligncenter wp-image-46283 size-full\" src=\"https:\/\/i0.wp.com\/cdnoticias.com\/wp-content\/uploads\/2022\/02\/259596142_674755303552144_9097323324698144728_n-768x644-1.jpg?resize=768%2C644&#038;ssl=1\" alt=\"\" width=\"768\" height=\"644\" srcset=\"https:\/\/i0.wp.com\/cdnoticias.com\/wp-content\/uploads\/2022\/02\/259596142_674755303552144_9097323324698144728_n-768x644-1.jpg?w=768&amp;ssl=1 768w, https:\/\/i0.wp.com\/cdnoticias.com\/wp-content\/uploads\/2022\/02\/259596142_674755303552144_9097323324698144728_n-768x644-1.jpg?resize=300%2C252&amp;ssl=1 300w\" sizes=\"auto, (max-width: 768px) 100vw, 768px\" \/><\/p>\n<p>&nbsp;<\/p>\n<p>Luego, <a href=\"https:\/\/cdnoticias.com\/index.php\/2022\/02\/10\/olavarria-tiene-que-ser-un-trampolin-de-oportunidades\/\" target=\"_blank\" rel=\"noopener\">se llev\u00f3 adelante una conferencia de prensa<\/a> y, m\u00e1s tarde, se realiz\u00f3 un lunch en el patio de la UIO. Del mismo participaron miembros de la comisi\u00f3n directiva, integrantes de la secretar\u00eda de Desarrollo Econ\u00f3mico municipal: Edith Schoos, directora de Empresas y Agrupamientos Industriales, y Horacio Balbiani del \u00e1rea de Asistencia a Pymes. Tambi\u00e9n, asisti\u00f3 el tesorero Bruno D\u2019Amico de AOMA Olavarr\u00eda (Asociaci\u00f3n Obrera Minera Argentina). Adem\u00e1s, se hicieron presentes la directora del Centro de Formaci\u00f3n Profesional, profesora Dina Mar\u00eda Bruno y profesor Pablo Cunioli del Centro de Formaci\u00f3n Profesional 401.<\/p>\n<p>&nbsp;<\/p>\n<p>Siguiendo con la agenda del evento, invitamos al equipo de trabajo a conocer las<strong> instalaciones de la Cantera Guerrico en Villa M\u00f3nica, ubicada en el km 280 de la Ruta 226.<\/strong> All\u00ed fuimos recibidos por Jorge Dietrich y realizamos un recorrido por el lugar donde observamos el proceso de producci\u00f3n.<\/p>\n<p>&nbsp;<\/p>\n<p>Para finalizar la jornada, se visit\u00f3 la Facultad de Ingenier\u00eda de la UNICEN junto a los integrantes del Polo Productivo ROB. En el lugar estuvimos con el ingeniero Oscar Cabrera, vicedecano de la FIO; Joaqu\u00edn Domato, director del Centro de Desarrollo Emprendedor e Innovaci\u00f3n (CDEI) y Gabriela H\u00fcls, secretaria de Extensi\u00f3n, Vinculaci\u00f3n y Transferencia, quien describi\u00f3 como est\u00e1 diagramado el Campus Universitario y la \u201cPe\u00f1a de Emprendedores\u201d en la cual participan profesionales y alumnos de diferentes carreras con el objetivo de desarrollar proyectos con impacto econ\u00f3mico, ambiental y social.<\/p>\n","protected":false},"excerpt":{"rendered":"<p>Se plantearon los ejes, objetivos y metas comunes a las distintas instituciones que lo conforman. La pr\u00f3xima reuni\u00f3n ser\u00e1 el<\/p>\n","protected":false},"author":5,"featured_media":46285,"comment_status":"closed","ping_status":"closed","sticky":false,"template":"","format":"standard","meta":{"_jetpack_memberships_contains_paid_content":false,"footnotes":""},"categories":[5,1],"tags":[],"class_list":["post-46281","post","type-post","status-publish","format-standard","has-post-thumbnail","hentry","category-informacion-general","category-portada"],"jetpack_featured_media_url":"https:\/\/i0.wp.com\/cdnoticias.com\/wp-content\/uploads\/2022\/02\/Diseno-sin-titulo-1.png?fit=1080%2C1080&ssl=1","jetpack_sharing_enabled":true,"_links":{"self":[{"href":"https:\/\/cdnoticias.com\/index.php\/wp-json\/wp\/v2\/posts\/46281","targetHints":{"allow":["GET"]}}],"collection":[{"href":"https:\/\/cdnoticias.com\/index.php\/wp-json\/wp\/v2\/posts"}],"about":[{"href":"https:\/\/cdnoticias.com\/index.php\/wp-json\/wp\/v2\/types\/post"}],"author":[{"embeddable":true,"href":"https:\/\/cdnoticias.com\/index.php\/wp-json\/wp\/v2\/users\/5"}],"replies":[{"embeddable":true,"href":"https:\/\/cdnoticias.com\/index.php\/wp-json\/wp\/v2\/comments?post=46281"}],"version-history":[{"count":0,"href":"https:\/\/cdnoticias.com\/index.php\/wp-json\/wp\/v2\/posts\/46281\/revisions"}],"wp:featuredmedia":[{"embeddable":true,"href":"https:\/\/cdnoticias.com\/index.php\/wp-json\/wp\/v2\/media\/46285"}],"wp:attachment":[{"href":"https:\/\/cdnoticias.com\/index.php\/wp-json\/wp\/v2\/media?parent=46281"}],"wp:term":[{"taxonomy":"category","embeddable":true,"href":"https:\/\/cdnoticias.com\/index.php\/wp-json\/wp\/v2\/categories?post=46281"},{"taxonomy":"post_tag","embeddable":true,"href":"https:\/\/cdnoticias.com\/index.php\/wp-json\/wp\/v2\/tags?post=46281"}],"curies":[{"name":"wp","href":"https:\/\/api.w.org\/{rel}","templated":true}]}}