{"id":46247,"date":"2022-02-11T14:44:16","date_gmt":"2022-02-11T17:44:16","guid":{"rendered":"https:\/\/www.centraldenoticias.com.ar\/?p=46247"},"modified":"2022-02-11T15:59:37","modified_gmt":"2022-02-11T18:59:37","slug":"queremos-pensar-juntos-la-agenda-pospandemia-de-la-zona-sanitaria","status":"publish","type":"post","link":"https:\/\/cdnoticias.com\/index.php\/2022\/02\/11\/queremos-pensar-juntos-la-agenda-pospandemia-de-la-zona-sanitaria\/","title":{"rendered":"\u201cQueremos pensar juntos la agenda pospandemia de la zona sanitaria\u201d"},"content":{"rendered":"<p>Encabezados por el responsable de la Unidad Coordinadora de Cosapro, Juan Mart\u00edn Etcheverry, se realiz\u00f3 el precongreso del organismo. Los temas del territorio, adaptados a cada distrito, entre lo m\u00e1s destacado. <!--more--><\/p>\n<hr \/>\n<p>En la previa del importante precongreso de la Cosapro, y de cara al Congreso que se realizar\u00e1 en abril en la ciudad de Mar del Plata, <strong>el responsable de la Unidad Coordinadora, Juan Mart\u00edn Etcheverry, estuvo en la ciudad y dio cuenta de los lineamientos de las problem\u00e1ticas que buscar\u00e1n pensar \u201cla agenda pospandemia\u201d de la zona sanitaria.<\/strong><\/p>\n<p>&nbsp;<\/p>\n<p>Adem\u00e1s de Etcheverry, la actividad fue encabezada por Adrian Gayoso, Director Provincial de Redes y Regiones Sanitarias y Ramiro Borzi y Norma \u00c1lvarez Morello, Directores de Regi\u00f3n Sanitaria IX.<\/p>\n<p>&nbsp;<\/p>\n<p>Etcheverry se\u00f1al\u00f3 que Cosapro es<em> \u201cel organismo que re\u00fane a los 135 municipios y la Provincia de Buenos Aires para el trabajo conjunto y colectivo de dise\u00f1o, planificaci\u00f3n y evaluaci\u00f3n de pol\u00edticas de Salud\u201d.<\/em><\/p>\n<p>&nbsp;<\/p>\n<p><img data-recalc-dims=\"1\" loading=\"lazy\" decoding=\"async\" class=\"alignnone size-large wp-image-46250\" src=\"https:\/\/i0.wp.com\/cdnoticias.com\/wp-content\/uploads\/2022\/02\/WhatsApp-Image-2022-02-11-at-14.13.57.jpeg?resize=800%2C534&#038;ssl=1\" alt=\"\" width=\"800\" height=\"534\" srcset=\"https:\/\/i0.wp.com\/cdnoticias.com\/wp-content\/uploads\/2022\/02\/WhatsApp-Image-2022-02-11-at-14.13.57.jpeg?resize=1024%2C683&amp;ssl=1 1024w, https:\/\/i0.wp.com\/cdnoticias.com\/wp-content\/uploads\/2022\/02\/WhatsApp-Image-2022-02-11-at-14.13.57.jpeg?resize=300%2C200&amp;ssl=1 300w, https:\/\/i0.wp.com\/cdnoticias.com\/wp-content\/uploads\/2022\/02\/WhatsApp-Image-2022-02-11-at-14.13.57.jpeg?resize=768%2C512&amp;ssl=1 768w, https:\/\/i0.wp.com\/cdnoticias.com\/wp-content\/uploads\/2022\/02\/WhatsApp-Image-2022-02-11-at-14.13.57.jpeg?resize=272%2C182&amp;ssl=1 272w, https:\/\/i0.wp.com\/cdnoticias.com\/wp-content\/uploads\/2022\/02\/WhatsApp-Image-2022-02-11-at-14.13.57.jpeg?w=1500&amp;ssl=1 1500w\" sizes=\"auto, (max-width: 800px) 100vw, 800px\" \/><\/p>\n<p>&nbsp;<\/p>\n<p>Este precongreso tiene como uno de los objetivos <em>\u201ctrabajar aquellas cuestiones que hacen al desarrollo de la pandemia, el trabajo en conjunto entre Municipios, Provincia, sectores de la seguridad social, sectores privados durante la pandemia y <strong>empezar a pensar juntos, con algunos t\u00f3picos que se elaboraron desde los Secretarios de Salud de la Regi\u00f3n, la agenda pospandemia de esta zona sanitaria<\/strong>\u201d.<\/em><\/p>\n<p>&nbsp;<\/p>\n<p>Coment\u00f3, en este sentido, que en la jornada del \u00faltimo jueves se realiz\u00f3 un precongreso en Benito Ju\u00e1rez y \u201c<em>ahora ac\u00e1 en la ciudad de Olavarr\u00eda. Est\u00e1 pasando en todas las Regiones Sanitarias de la Provincia, que es el modo de preparar el <strong>Congreso Provincial de Salud que se desarrollar\u00e1 entre el 19 de abril y el 23 de abril de este a\u00f1o en Mar del Plata<\/strong>\u201d.<\/em><\/p>\n<p>&nbsp;<\/p>\n<p>La intenci\u00f3n es que <strong><em>\u201ctodos los trabajadores y trabajadoras del sistema de Salud, sean del sector que sean, tengan la posibilidad de expresar nuestra voz, organizarnos para que quede bien explicitado el relato y la experiencia que fue el relato en conjunto e integrado entre los subsectores de cara a estos a\u00f1os de la pandemia y delinear la agenda del sistema de Salud para los pr\u00f3ximos a\u00f1os\u201d.<\/em><\/strong><\/p>\n<p>&nbsp;<\/p>\n<p><img data-recalc-dims=\"1\" loading=\"lazy\" decoding=\"async\" class=\"alignnone size-large wp-image-46248\" src=\"https:\/\/i0.wp.com\/cdnoticias.com\/wp-content\/uploads\/2022\/02\/WhatsApp-Image-2022-02-11-at-14.13.57-2.jpeg?resize=800%2C534&#038;ssl=1\" alt=\"\" width=\"800\" height=\"534\" srcset=\"https:\/\/i0.wp.com\/cdnoticias.com\/wp-content\/uploads\/2022\/02\/WhatsApp-Image-2022-02-11-at-14.13.57-2.jpeg?resize=1024%2C683&amp;ssl=1 1024w, https:\/\/i0.wp.com\/cdnoticias.com\/wp-content\/uploads\/2022\/02\/WhatsApp-Image-2022-02-11-at-14.13.57-2.jpeg?resize=300%2C200&amp;ssl=1 300w, https:\/\/i0.wp.com\/cdnoticias.com\/wp-content\/uploads\/2022\/02\/WhatsApp-Image-2022-02-11-at-14.13.57-2.jpeg?resize=768%2C512&amp;ssl=1 768w, https:\/\/i0.wp.com\/cdnoticias.com\/wp-content\/uploads\/2022\/02\/WhatsApp-Image-2022-02-11-at-14.13.57-2.jpeg?resize=272%2C182&amp;ssl=1 272w, https:\/\/i0.wp.com\/cdnoticias.com\/wp-content\/uploads\/2022\/02\/WhatsApp-Image-2022-02-11-at-14.13.57-2.jpeg?w=1500&amp;ssl=1 1500w\" sizes=\"auto, (max-width: 800px) 100vw, 800px\" \/><\/p>\n<p>&nbsp;<\/p>\n<p>Justamente, la pandemia es el emblema para pensar el futuro y ver <em>\u201cel trabajo integrado entre los subsectores, Municipios, Municipios y Provincia, sumar redes, discutir modos de financiamiento, lo que tiene que ver con el acceso y derecho a la Salud, la organizaci\u00f3n del recurso humano, la organizaci\u00f3n laboral, son algunos de los temas que est\u00e1n planteados desde el territorio y lo que vamos a hacer tiene que ver con eso: trabajar en conjunto trabajadores de salud de los Municipios para seguir elaborando las propuestas que desde los Municipios y la Regi\u00f3n Sanitaria IX lleven al Congreso Provincial de Salud del mes de abril\u201d.<\/em><\/p>\n<p>&nbsp;<\/p>\n<p>Un punto a tener en cuenta como principal es<strong> evitar los<em> \u201cprogramas enlatados\u201d<\/em> para que<em> \u201cencaje con las verdaderas problem\u00e1ticas del territorio\u201d.<\/em><\/strong><\/p>\n<p>&nbsp;<\/p>\n<blockquote><p><em>\u201cLa propuesta del Ministro Kreplak fue hablada con todos los Secretarios de Salud de la Provincia, con las principales obras sociales que tenemos los bonaerenses con gran parte de las C\u00e1maras y de los espacios que agrupan al sector privado\u201d<\/em>. Etcheverry agreg\u00f3 que <em>\u201cla propuesta es construir una agenda colectiva, en conjunto. Desde el Ministerio tenemos una cantidad de temas en agenda como fortalecer el calendario y la vacunaci\u00f3n en el territorio\u201d.<\/em><\/p><\/blockquote>\n<p>&nbsp;<\/p>\n<p>\u201c<em>Nos proponemos \u2013y es el sentido del encuentro de hoy- es que esa agenda se construya desde los territorios. Hay temas que son centrales, pero que todos entendemos que hay que resolver cuestiones vinculadas al financiamiento: a qui\u00e9n se paga y de qu\u00e9 forma, de qu\u00e9 modo se financia el sistema de Salud p\u00fablico y privado. <strong>Este tema no tiene la misma aplicaci\u00f3n en el conurbano como en las ciudades m\u00e1s grandes del interior o m\u00e1s chicas<\/strong>\u201d<\/em> cerr\u00f3.<\/p>\n","protected":false},"excerpt":{"rendered":"<p>Encabezados por el responsable de la Unidad Coordinadora de Cosapro, Juan Mart\u00edn Etcheverry, se realiz\u00f3 el precongreso del organismo. Los<\/p>\n","protected":false},"author":2,"featured_media":46249,"comment_status":"closed","ping_status":"closed","sticky":false,"template":"","format":"standard","meta":{"_jetpack_memberships_contains_paid_content":false,"footnotes":""},"categories":[5,1],"tags":[],"class_list":["post-46247","post","type-post","status-publish","format-standard","has-post-thumbnail","hentry","category-informacion-general","category-portada"],"jetpack_featured_media_url":"https:\/\/i0.wp.com\/cdnoticias.com\/wp-content\/uploads\/2022\/02\/WhatsApp-Image-2022-02-11-at-14.13.57-1.jpeg?fit=1500%2C1000&ssl=1","jetpack_sharing_enabled":true,"_links":{"self":[{"href":"https:\/\/cdnoticias.com\/index.php\/wp-json\/wp\/v2\/posts\/46247","targetHints":{"allow":["GET"]}}],"collection":[{"href":"https:\/\/cdnoticias.com\/index.php\/wp-json\/wp\/v2\/posts"}],"about":[{"href":"https:\/\/cdnoticias.com\/index.php\/wp-json\/wp\/v2\/types\/post"}],"author":[{"embeddable":true,"href":"https:\/\/cdnoticias.com\/index.php\/wp-json\/wp\/v2\/users\/2"}],"replies":[{"embeddable":true,"href":"https:\/\/cdnoticias.com\/index.php\/wp-json\/wp\/v2\/comments?post=46247"}],"version-history":[{"count":0,"href":"https:\/\/cdnoticias.com\/index.php\/wp-json\/wp\/v2\/posts\/46247\/revisions"}],"wp:featuredmedia":[{"embeddable":true,"href":"https:\/\/cdnoticias.com\/index.php\/wp-json\/wp\/v2\/media\/46249"}],"wp:attachment":[{"href":"https:\/\/cdnoticias.com\/index.php\/wp-json\/wp\/v2\/media?parent=46247"}],"wp:term":[{"taxonomy":"category","embeddable":true,"href":"https:\/\/cdnoticias.com\/index.php\/wp-json\/wp\/v2\/categories?post=46247"},{"taxonomy":"post_tag","embeddable":true,"href":"https:\/\/cdnoticias.com\/index.php\/wp-json\/wp\/v2\/tags?post=46247"}],"curies":[{"name":"wp","href":"https:\/\/api.w.org\/{rel}","templated":true}]}}