{"id":46237,"date":"2022-02-11T12:09:39","date_gmt":"2022-02-11T15:09:39","guid":{"rendered":"https:\/\/www.centraldenoticias.com.ar\/?p=46237"},"modified":"2022-02-11T13:19:19","modified_gmt":"2022-02-11T16:19:19","slug":"zona-fria-en-el-gas-explicaron-por-que-algunas-facturas-llegaron-con-0","status":"publish","type":"post","link":"https:\/\/cdnoticias.com\/index.php\/2022\/02\/11\/zona-fria-en-el-gas-explicaron-por-que-algunas-facturas-llegaron-con-0\/","title":{"rendered":"Zona Fr\u00eda en el Gas: explicaron por qu\u00e9 algunas facturas llegaron con $0"},"content":{"rendered":"<p>La subsecretaria de Defensa de los Consumidores, Liliana Schwindt, explic\u00f3 las razones por las cuales algunas facturas llegaron con 0 pesos de gas, tras varias consultas sobre el tema.<!--more--><\/p>\n<hr \/>\n<p>Tras varias<strong> consultas de usuarios que se mostraron sorprendidos por observar en su factura de gas que lleg\u00f3 $0<\/strong>, es decir, ning\u00fan costo de consumo, la subsecretaria de Defensa de los Consumidores de la Naci\u00f3n, Liliana Schwindt, explic\u00f3 lo sucedido y llev\u00f3 claridad en el tema.<\/p>\n<p>&nbsp;<\/p>\n<p><em>\u201cCuando se efectiviz\u00f3 la Ley de Zonas Fr\u00edas, en julio del a\u00f1o pasado, Camuzzi ya hab\u00eda emitido varias facturas sin sumar el beneficio (o el descuento sobre el consumo, que establece la Ley)\u201d<\/em> explic\u00f3 en un primer sentido.<\/p>\n<p>&nbsp;<\/p>\n<blockquote><p>Justamente, por no realizar el descuento en ese momento, <strong><em>\u201cse suma ahora de forma retroactiva en algunas facturas que est\u00e1n llegando\u201d<\/em> <\/strong>que coinciden con el bajo consumo de gas por la \u00e9poca veraniega.<\/p><\/blockquote>\n<p>&nbsp;<\/p>\n<p>De todas maneras, se aclar\u00f3 que <strong>esta situaci\u00f3n del descuento a 0 pesos se da<em> \u201ccon algunas facturas, no todas, y solo de los usuarios que no recibieron el beneficio durante los primeros meses de Zonas Fr\u00edas\u201d<\/em><\/strong> cerr\u00f3 la funcionaria olavarriense.<\/p>\n","protected":false},"excerpt":{"rendered":"<p>La subsecretaria de Defensa de los Consumidores, Liliana Schwindt, explic\u00f3 las razones por las cuales algunas facturas llegaron con 0<\/p>\n","protected":false},"author":2,"featured_media":46239,"comment_status":"closed","ping_status":"closed","sticky":false,"template":"","format":"standard","meta":{"_jetpack_memberships_contains_paid_content":false,"footnotes":""},"categories":[5,1],"tags":[],"class_list":["post-46237","post","type-post","status-publish","format-standard","has-post-thumbnail","hentry","category-informacion-general","category-portada"],"jetpack_featured_media_url":"https:\/\/i0.wp.com\/cdnoticias.com\/wp-content\/uploads\/2022\/02\/273516060_376112840991851_831362656002371739_n.jpg?fit=1199%2C702&ssl=1","jetpack_sharing_enabled":true,"_links":{"self":[{"href":"https:\/\/cdnoticias.com\/index.php\/wp-json\/wp\/v2\/posts\/46237","targetHints":{"allow":["GET"]}}],"collection":[{"href":"https:\/\/cdnoticias.com\/index.php\/wp-json\/wp\/v2\/posts"}],"about":[{"href":"https:\/\/cdnoticias.com\/index.php\/wp-json\/wp\/v2\/types\/post"}],"author":[{"embeddable":true,"href":"https:\/\/cdnoticias.com\/index.php\/wp-json\/wp\/v2\/users\/2"}],"replies":[{"embeddable":true,"href":"https:\/\/cdnoticias.com\/index.php\/wp-json\/wp\/v2\/comments?post=46237"}],"version-history":[{"count":0,"href":"https:\/\/cdnoticias.com\/index.php\/wp-json\/wp\/v2\/posts\/46237\/revisions"}],"wp:featuredmedia":[{"embeddable":true,"href":"https:\/\/cdnoticias.com\/index.php\/wp-json\/wp\/v2\/media\/46239"}],"wp:attachment":[{"href":"https:\/\/cdnoticias.com\/index.php\/wp-json\/wp\/v2\/media?parent=46237"}],"wp:term":[{"taxonomy":"category","embeddable":true,"href":"https:\/\/cdnoticias.com\/index.php\/wp-json\/wp\/v2\/categories?post=46237"},{"taxonomy":"post_tag","embeddable":true,"href":"https:\/\/cdnoticias.com\/index.php\/wp-json\/wp\/v2\/tags?post=46237"}],"curies":[{"name":"wp","href":"https:\/\/api.w.org\/{rel}","templated":true}]}}