{"id":46233,"date":"2022-02-11T11:14:27","date_gmt":"2022-02-11T14:14:27","guid":{"rendered":"https:\/\/www.centraldenoticias.com.ar\/?p=46233"},"modified":"2022-02-11T11:14:27","modified_gmt":"2022-02-11T14:14:27","slug":"se-restablecio-el-servicio-electrico-en-loma-negra-kochi-tue-y-santa-luisa","status":"publish","type":"post","link":"https:\/\/cdnoticias.com\/index.php\/2022\/02\/11\/se-restablecio-el-servicio-electrico-en-loma-negra-kochi-tue-y-santa-luisa\/","title":{"rendered":"Se restableci\u00f3 el servicio el\u00e9ctrico en Loma Negra, Kochi Tue y Santa Luisa"},"content":{"rendered":"<p>Minutos antes de las 11 Coopelectric comunic\u00f3 que finalizaron las reparaciones. Se hab\u00edan iniciado por una falla en el alimentador N\u00ba 3.<!--more--><\/p>\n<hr \/>\n<p><strong>Minutos antes de las 11 Coopelectric comunic\u00f3 que finalizaron las reparaciones<\/strong> y se restableci\u00f3 el servicio el\u00e9ctrico en Loma Negra, Kochi Tue y Santa Luisa.<\/p>\n<p>&nbsp;<\/p>\n<p>Se hab\u00edan iniciado por <a href=\"https:\/\/cdnoticias.com\/index.php\/2022\/02\/11\/interrupcion-de-electricidad-en-loma-negra-kochi-tue-y-santa-luisa\/\" target=\"_blank\" rel=\"noopener\">una falla en el alimentador N\u00ba 3<\/a>. El corte comenz\u00f3 a partir de las 9:30 horas.<\/p>\n","protected":false},"excerpt":{"rendered":"<p>Minutos antes de las 11 Coopelectric comunic\u00f3 que finalizaron las reparaciones. Se hab\u00edan iniciado por una falla en el alimentador<\/p>\n","protected":false},"author":4,"featured_media":41403,"comment_status":"closed","ping_status":"closed","sticky":false,"template":"","format":"standard","meta":{"_jetpack_memberships_contains_paid_content":false,"footnotes":""},"categories":[5,1],"tags":[],"class_list":["post-46233","post","type-post","status-publish","format-standard","has-post-thumbnail","hentry","category-informacion-general","category-portada"],"jetpack_featured_media_url":"https:\/\/i0.wp.com\/cdnoticias.com\/wp-content\/uploads\/2021\/12\/coopelectric-camion.jpg?fit=1600%2C890&ssl=1","jetpack_sharing_enabled":true,"_links":{"self":[{"href":"https:\/\/cdnoticias.com\/index.php\/wp-json\/wp\/v2\/posts\/46233","targetHints":{"allow":["GET"]}}],"collection":[{"href":"https:\/\/cdnoticias.com\/index.php\/wp-json\/wp\/v2\/posts"}],"about":[{"href":"https:\/\/cdnoticias.com\/index.php\/wp-json\/wp\/v2\/types\/post"}],"author":[{"embeddable":true,"href":"https:\/\/cdnoticias.com\/index.php\/wp-json\/wp\/v2\/users\/4"}],"replies":[{"embeddable":true,"href":"https:\/\/cdnoticias.com\/index.php\/wp-json\/wp\/v2\/comments?post=46233"}],"version-history":[{"count":0,"href":"https:\/\/cdnoticias.com\/index.php\/wp-json\/wp\/v2\/posts\/46233\/revisions"}],"wp:featuredmedia":[{"embeddable":true,"href":"https:\/\/cdnoticias.com\/index.php\/wp-json\/wp\/v2\/media\/41403"}],"wp:attachment":[{"href":"https:\/\/cdnoticias.com\/index.php\/wp-json\/wp\/v2\/media?parent=46233"}],"wp:term":[{"taxonomy":"category","embeddable":true,"href":"https:\/\/cdnoticias.com\/index.php\/wp-json\/wp\/v2\/categories?post=46233"},{"taxonomy":"post_tag","embeddable":true,"href":"https:\/\/cdnoticias.com\/index.php\/wp-json\/wp\/v2\/tags?post=46233"}],"curies":[{"name":"wp","href":"https:\/\/api.w.org\/{rel}","templated":true}]}}