{"id":46230,"date":"2022-02-11T11:06:50","date_gmt":"2022-02-11T14:06:50","guid":{"rendered":"https:\/\/www.centraldenoticias.com.ar\/?p=46230"},"modified":"2022-02-11T11:06:50","modified_gmt":"2022-02-11T14:06:50","slug":"un-agro-industrializado-es-el-mejor-aliado-que-argentina-puede-tener","status":"publish","type":"post","link":"https:\/\/cdnoticias.com\/index.php\/2022\/02\/11\/un-agro-industrializado-es-el-mejor-aliado-que-argentina-puede-tener\/","title":{"rendered":"\u201cUn agro industrializado es el mejor aliado que Argentina puede tener\u201d"},"content":{"rendered":"<p>El presidente de la C\u00e1mara de Diputados, Sergio Massa, recibi\u00f3 junto al ministro Juli\u00e1n Dom\u00ednguez a los representantes del Consejo Agroindustrial Argentino, para analizar los beneficios del proyecto de Ley de \u201cR\u00e9gimen de fomento al desarrollo agroindustrial federal&#8221;, que fue incluido por el Poder Ejecutivo en el temario de extraordinarias. <!--more--><\/p>\n<hr \/>\n<p>En el Sal\u00f3n Delia Parodi de la C\u00e1mara baja, <strong>el presidente de la C\u00e1mara de Diputados de la Naci\u00f3n, Sergio Massa, comparti\u00f3 un encuentro de trabajo con el ministro de Agricultura, Ganader\u00eda y Pesca de la Naci\u00f3n, Juli\u00e1n Dom\u00ednguez; y el Consejo Agroindustrial Argentino<\/strong>, con el prop\u00f3sito de repasar los beneficios y alcances del proyecto, y anticipar su pr\u00f3ximo tratamiento en Diputados. Desde la entidad agraria, por su parte, se pusieron a disposici\u00f3n para explicarles a los legisladores la iniciativa.<\/p>\n<p>&nbsp;<\/p>\n<p>Al respecto, Sergio Massa se\u00f1al\u00f3 que<em><strong> &#8220;un agro industrializado es el mejor aliado que Argentina puede tener para los pr\u00f3ximos a\u00f1os\u201d<\/strong>. \u201cEn la era del crecimiento poblacional y la revoluci\u00f3n de la tecnolog\u00eda y el conocimiento, la prote\u00edna y el capital humano son los dos valores m\u00e1s importantes de esta sociedad moderna\u201d<\/em>, a\u00f1adi\u00f3.<\/p>\n<p>&nbsp;<\/p>\n<p><iframe loading=\"lazy\" title=\"YouTube video player\" src=\"https:\/\/www.youtube.com\/embed\/5WWOTWNRyt8\" width=\"560\" height=\"315\" frameborder=\"0\" allowfullscreen=\"allowfullscreen\"><\/iframe><\/p>\n<p>&nbsp;<\/p>\n<blockquote><p><em>\u201cEsta ley es una de las m\u00e1s grandes oportunidades para darle al campo el valor que tiene, para pasar de exportaciones primarias a exportaciones con valor agregado. La idea de industrializar el campo es la mejor herramienta para este momento de la Argentina\u201d<\/em>, resumi\u00f3 el titular de Diputados.<\/p><\/blockquote>\n<p>&nbsp;<\/p>\n<p>Por su parte, el ministro de Agricultura, Juli\u00e1n Dom\u00ednguez, calific\u00f3 al proyecto como <em>\u201cun salto cualitativo y una apuesta a la industrializaci\u00f3n&#8221;.<strong> &#8220;Esto es un cambio de paradigma, una decisi\u00f3n de todo el sector de desprimarizar el sistema de producci\u00f3n argentino y marcar un sendero industrial, que es el salto que el pa\u00eds tiene que dar\u201d<\/strong><\/em>, explic\u00f3 Dom\u00ednguez.<\/p>\n<p>&nbsp;<\/p>\n<p>En tanto, Alfredo Paseyro, director ejecutivo de la Asociaci\u00f3n Semilleros Argentinos (ASA), expres\u00f3 que la iniciativa<em> \u201ces positiva, ya que fomenta la inversi\u00f3n productiva agroindustrial con distintos incentivos\u201d. \u201cEl Consejo Agroindustrial tiene enormes expectativas en que se debata, se apruebe y si es posible se mejore. Es la primera vez, en muchos a\u00f1os, que tenemos esta oportunidad y no tenemos que desaprovecharla\u201d<\/em>, a\u00f1adi\u00f3 Paseyro.<\/p>\n<p>&nbsp;<\/p>\n<p><strong>El proyecto de Ley es producto del trabajo conjunto entre el Ministerio de Agricultura, Ganader\u00eda y Pesca de la Naci\u00f3n y el Consejo Agroindustrial Argentino<\/strong>, y tiene como objetivo el desarrollo de pol\u00edticas a largo plazo para promover inversiones en el sector, potenciar el crecimiento productivo, generar inclusi\u00f3n y empleo.<\/p>\n<p>&nbsp;<\/p>\n<p>En el encuentro participaron el Secretario de Relaciones Institucionales del ministerio, Jorge Solmi; el Secretario \u00a0de Alimentos, Bioeconom\u00eda y Desarrollo Regional de la Naci\u00f3n, Luis Contigiani, y en representaci\u00f3n del Consejo Agroindustrial Argentino: Alfredo Paseyro (ASA), Agustin Tejeda (Bolsa de Cereales), David Miazzo (FADA), Martin Rosenkjaer (CLERA), Adolfo Franke (C\u00e1mara Porcinos), Roberto Domenech (C\u00e1mara Ind. Procesadora Av\u00edcola &#8211; CEPA), Dardo Chiessa (Mesa Nacional de Carnes), y Silvina Campos Carles (ConInAgro).<\/p>\n","protected":false},"excerpt":{"rendered":"<p>El presidente de la C\u00e1mara de Diputados, Sergio Massa, recibi\u00f3 junto al ministro Juli\u00e1n Dom\u00ednguez a los representantes del Consejo<\/p>\n","protected":false},"author":2,"featured_media":46231,"comment_status":"closed","ping_status":"closed","sticky":false,"template":"","format":"standard","meta":{"_jetpack_memberships_contains_paid_content":false,"footnotes":""},"categories":[6,1],"tags":[],"class_list":["post-46230","post","type-post","status-publish","format-standard","has-post-thumbnail","hentry","category-nacionales","category-portada"],"jetpack_featured_media_url":"https:\/\/i0.wp.com\/cdnoticias.com\/wp-content\/uploads\/2022\/02\/massa_campo1.jpg?fit=1280%2C853&ssl=1","jetpack_sharing_enabled":true,"_links":{"self":[{"href":"https:\/\/cdnoticias.com\/index.php\/wp-json\/wp\/v2\/posts\/46230","targetHints":{"allow":["GET"]}}],"collection":[{"href":"https:\/\/cdnoticias.com\/index.php\/wp-json\/wp\/v2\/posts"}],"about":[{"href":"https:\/\/cdnoticias.com\/index.php\/wp-json\/wp\/v2\/types\/post"}],"author":[{"embeddable":true,"href":"https:\/\/cdnoticias.com\/index.php\/wp-json\/wp\/v2\/users\/2"}],"replies":[{"embeddable":true,"href":"https:\/\/cdnoticias.com\/index.php\/wp-json\/wp\/v2\/comments?post=46230"}],"version-history":[{"count":0,"href":"https:\/\/cdnoticias.com\/index.php\/wp-json\/wp\/v2\/posts\/46230\/revisions"}],"wp:featuredmedia":[{"embeddable":true,"href":"https:\/\/cdnoticias.com\/index.php\/wp-json\/wp\/v2\/media\/46231"}],"wp:attachment":[{"href":"https:\/\/cdnoticias.com\/index.php\/wp-json\/wp\/v2\/media?parent=46230"}],"wp:term":[{"taxonomy":"category","embeddable":true,"href":"https:\/\/cdnoticias.com\/index.php\/wp-json\/wp\/v2\/categories?post=46230"},{"taxonomy":"post_tag","embeddable":true,"href":"https:\/\/cdnoticias.com\/index.php\/wp-json\/wp\/v2\/tags?post=46230"}],"curies":[{"name":"wp","href":"https:\/\/api.w.org\/{rel}","templated":true}]}}