{"id":46224,"date":"2022-02-11T10:27:53","date_gmt":"2022-02-11T13:27:53","guid":{"rendered":"https:\/\/www.centraldenoticias.com.ar\/?p=46224"},"modified":"2022-02-11T11:14:38","modified_gmt":"2022-02-11T14:14:38","slug":"interrupcion-de-electricidad-en-loma-negra-kochi-tue-y-santa-luisa","status":"publish","type":"post","link":"https:\/\/cdnoticias.com\/index.php\/2022\/02\/11\/interrupcion-de-electricidad-en-loma-negra-kochi-tue-y-santa-luisa\/","title":{"rendered":"Interrupci\u00f3n de electricidad en Loma Negra, Kochi Tue y Santa Luisa"},"content":{"rendered":"<p>Se adelant\u00f3 que podr\u00eda extenderse hasta las 11. Coopelectric realiza tareas de reparaci\u00f3n.<!--more--><\/p>\n<hr \/>\n<p><strong>Coopelectric<\/strong> inform\u00f3 que \u201ca ra\u00edz de una falla detectada en el alimentador N\u00b0 3, el personal operativo <strong>deber\u00e1 interrumpir el suministro el\u00e9ctrico en la localidad de Loma Negra, Kochi Tue y Sistema Rural Santa Luisa a partir de las 9:30 horas<\/strong>\u201d.<\/p>\n<p>&nbsp;<\/p>\n<p>Por las caracter\u00edsticas de las tareas a realizar, <strong>se estim\u00f3 que la interrupci\u00f3n podr\u00eda extenderse alrededor de una hora y media<\/strong>.<\/p>\n<p>&nbsp;<\/p>\n<p>Una vez concluidas las tareas, el servicio ser\u00e1 restablecido.<\/p>\n","protected":false},"excerpt":{"rendered":"<p>Se adelant\u00f3 que podr\u00eda extenderse hasta las 11. Coopelectric realiza tareas de reparaci\u00f3n.<\/p>\n","protected":false},"author":4,"featured_media":453,"comment_status":"closed","ping_status":"closed","sticky":false,"template":"","format":"standard","meta":{"_jetpack_memberships_contains_paid_content":false,"footnotes":""},"categories":[5],"tags":[],"class_list":["post-46224","post","type-post","status-publish","format-standard","has-post-thumbnail","hentry","category-informacion-general"],"jetpack_featured_media_url":"https:\/\/i0.wp.com\/cdnoticias.com\/wp-content\/uploads\/2020\/09\/DSC_8512.jpg?fit=4608%2C3072&ssl=1","jetpack_sharing_enabled":true,"_links":{"self":[{"href":"https:\/\/cdnoticias.com\/index.php\/wp-json\/wp\/v2\/posts\/46224","targetHints":{"allow":["GET"]}}],"collection":[{"href":"https:\/\/cdnoticias.com\/index.php\/wp-json\/wp\/v2\/posts"}],"about":[{"href":"https:\/\/cdnoticias.com\/index.php\/wp-json\/wp\/v2\/types\/post"}],"author":[{"embeddable":true,"href":"https:\/\/cdnoticias.com\/index.php\/wp-json\/wp\/v2\/users\/4"}],"replies":[{"embeddable":true,"href":"https:\/\/cdnoticias.com\/index.php\/wp-json\/wp\/v2\/comments?post=46224"}],"version-history":[{"count":0,"href":"https:\/\/cdnoticias.com\/index.php\/wp-json\/wp\/v2\/posts\/46224\/revisions"}],"wp:featuredmedia":[{"embeddable":true,"href":"https:\/\/cdnoticias.com\/index.php\/wp-json\/wp\/v2\/media\/453"}],"wp:attachment":[{"href":"https:\/\/cdnoticias.com\/index.php\/wp-json\/wp\/v2\/media?parent=46224"}],"wp:term":[{"taxonomy":"category","embeddable":true,"href":"https:\/\/cdnoticias.com\/index.php\/wp-json\/wp\/v2\/categories?post=46224"},{"taxonomy":"post_tag","embeddable":true,"href":"https:\/\/cdnoticias.com\/index.php\/wp-json\/wp\/v2\/tags?post=46224"}],"curies":[{"name":"wp","href":"https:\/\/api.w.org\/{rel}","templated":true}]}}