{"id":46212,"date":"2022-02-11T09:51:11","date_gmt":"2022-02-11T12:51:11","guid":{"rendered":"https:\/\/www.centraldenoticias.com.ar\/?p=46212"},"modified":"2022-02-11T09:51:11","modified_gmt":"2022-02-11T12:51:11","slug":"tapalque-celebra-este-domingo-la-10-fiesta-de-la-torta-negra","status":"publish","type":"post","link":"https:\/\/cdnoticias.com\/index.php\/2022\/02\/11\/tapalque-celebra-este-domingo-la-10-fiesta-de-la-torta-negra\/","title":{"rendered":"Tapalqu\u00e9 celebra este domingo la 10\u00b0 Fiesta de la Torta Negra"},"content":{"rendered":"<p>Ser\u00e1 desde la ma\u00f1ana y durante todo el d\u00eda, con entrada libre y gratuita. Se cortar\u00e1 la torta negra gigante y habr\u00e1 un show de Bruno Arias. <!--more--><\/p>\n<hr \/>\n<p>Luego de su postergaci\u00f3n por la situaci\u00f3n epidemiol\u00f3gica, <strong>este domingo 13 de febrero Tapalqu\u00e9 celebra la 10\u00b0 edici\u00f3n de la #FiestaDeLaTortaNegra.<\/strong><\/p>\n<p>&nbsp;<\/p>\n<p><iframe loading=\"lazy\" title=\"YouTube video player\" src=\"https:\/\/www.youtube.com\/embed\/fTbtcGQ5Gg8\" width=\"560\" height=\"315\" frameborder=\"0\" allowfullscreen=\"allowfullscreen\"><\/iframe><\/p>\n<p>&nbsp;<\/p>\n<p>Con entrada libre y gratuita, a lo largo del d\u00eda<strong> el Balneario Municipal de dicha localidad se colmar\u00e1 de actividades para toda la familia<\/strong>. Como es tradici\u00f3n en esta fiesta de alcance provincial,<strong> se cortar\u00e1 la torta negra gigante para compartir entre los vecinos y turistas que participen del evento.<\/strong><\/p>\n<p>&nbsp;<\/p>\n<p><img data-recalc-dims=\"1\" loading=\"lazy\" decoding=\"async\" class=\"alignnone size-large wp-image-46216\" src=\"https:\/\/i0.wp.com\/cdnoticias.com\/wp-content\/uploads\/2022\/02\/FTN13.jpg?resize=800%2C603&#038;ssl=1\" alt=\"\" width=\"800\" height=\"603\" srcset=\"https:\/\/i0.wp.com\/cdnoticias.com\/wp-content\/uploads\/2022\/02\/FTN13.jpg?resize=1024%2C772&amp;ssl=1 1024w, https:\/\/i0.wp.com\/cdnoticias.com\/wp-content\/uploads\/2022\/02\/FTN13.jpg?resize=300%2C226&amp;ssl=1 300w, https:\/\/i0.wp.com\/cdnoticias.com\/wp-content\/uploads\/2022\/02\/FTN13.jpg?resize=768%2C579&amp;ssl=1 768w, https:\/\/i0.wp.com\/cdnoticias.com\/wp-content\/uploads\/2022\/02\/FTN13.jpg?w=1440&amp;ssl=1 1440w\" sizes=\"auto, (max-width: 800px) 100vw, 800px\" \/><\/p>\n<p>&nbsp;<\/p>\n<p><img data-recalc-dims=\"1\" loading=\"lazy\" decoding=\"async\" class=\"alignnone size-large wp-image-46215\" src=\"https:\/\/i0.wp.com\/cdnoticias.com\/wp-content\/uploads\/2022\/02\/FTN12.jpg?resize=800%2C534&#038;ssl=1\" alt=\"\" width=\"800\" height=\"534\" srcset=\"https:\/\/i0.wp.com\/cdnoticias.com\/wp-content\/uploads\/2022\/02\/FTN12-scaled.jpg?resize=1024%2C683&amp;ssl=1 1024w, https:\/\/i0.wp.com\/cdnoticias.com\/wp-content\/uploads\/2022\/02\/FTN12-scaled.jpg?resize=300%2C200&amp;ssl=1 300w, https:\/\/i0.wp.com\/cdnoticias.com\/wp-content\/uploads\/2022\/02\/FTN12-scaled.jpg?resize=768%2C512&amp;ssl=1 768w, https:\/\/i0.wp.com\/cdnoticias.com\/wp-content\/uploads\/2022\/02\/FTN12-scaled.jpg?resize=1536%2C1024&amp;ssl=1 1536w, https:\/\/i0.wp.com\/cdnoticias.com\/wp-content\/uploads\/2022\/02\/FTN12-scaled.jpg?resize=2048%2C1365&amp;ssl=1 2048w, https:\/\/i0.wp.com\/cdnoticias.com\/wp-content\/uploads\/2022\/02\/FTN12-scaled.jpg?resize=272%2C182&amp;ssl=1 272w, https:\/\/i0.wp.com\/cdnoticias.com\/wp-content\/uploads\/2022\/02\/FTN12-scaled.jpg?w=1600&amp;ssl=1 1600w, https:\/\/i0.wp.com\/cdnoticias.com\/wp-content\/uploads\/2022\/02\/FTN12-scaled.jpg?w=2400&amp;ssl=1 2400w\" sizes=\"auto, (max-width: 800px) 100vw, 800px\" \/><\/p>\n<p>&nbsp;<\/p>\n<blockquote><p>La propuesta para esta d\u00e9cima edici\u00f3n incluye Talleres de producci\u00f3n de torta negra, juegos tradicionales, sector criollo, campeonatos de tejo, torta negra gigante para compartir, paseos gastron\u00f3micos, degustaciones, feria de artesanos, plaza recreativa, exposiciones, stand Recreo PBA, guiados tur\u00edsticos.<\/p><\/blockquote>\n<p>&nbsp;<\/p>\n<p>El p\u00fablico tambi\u00e9n puede disfrutar de la pileta municipal, el arroyo, las parrillas, las mesas del Balneario, el amplio verde, la costanera y todas las instalaciones y atractivos naturales que ofrece Tapalqu\u00e9.<\/p>\n<p>&nbsp;<\/p>\n<p><img data-recalc-dims=\"1\" loading=\"lazy\" decoding=\"async\" class=\"alignnone size-large wp-image-46214\" src=\"https:\/\/i0.wp.com\/cdnoticias.com\/wp-content\/uploads\/2022\/02\/FTN8.jpg?resize=800%2C534&#038;ssl=1\" alt=\"\" width=\"800\" height=\"534\" srcset=\"https:\/\/i0.wp.com\/cdnoticias.com\/wp-content\/uploads\/2022\/02\/FTN8.jpg?resize=1024%2C683&amp;ssl=1 1024w, https:\/\/i0.wp.com\/cdnoticias.com\/wp-content\/uploads\/2022\/02\/FTN8.jpg?resize=300%2C200&amp;ssl=1 300w, https:\/\/i0.wp.com\/cdnoticias.com\/wp-content\/uploads\/2022\/02\/FTN8.jpg?resize=768%2C512&amp;ssl=1 768w, https:\/\/i0.wp.com\/cdnoticias.com\/wp-content\/uploads\/2022\/02\/FTN8.jpg?resize=1536%2C1024&amp;ssl=1 1536w, https:\/\/i0.wp.com\/cdnoticias.com\/wp-content\/uploads\/2022\/02\/FTN8.jpg?resize=272%2C182&amp;ssl=1 272w, https:\/\/i0.wp.com\/cdnoticias.com\/wp-content\/uploads\/2022\/02\/FTN8.jpg?w=1920&amp;ssl=1 1920w, https:\/\/i0.wp.com\/cdnoticias.com\/wp-content\/uploads\/2022\/02\/FTN8.jpg?w=1600&amp;ssl=1 1600w\" sizes=\"auto, (max-width: 800px) 100vw, 800px\" \/><\/p>\n<p>&nbsp;<\/p>\n<p>Adem\u00e1s, habr\u00e1 <strong>importantes shows art\u00edsticos desde las 16:30 horas en el escenario montado<\/strong> para la ocasi\u00f3n, donde actuar\u00e1 el Ballet Folkl\u00f3rico esencia Nativa, el Trinomio Folklore; Xansoband <strong>y el cierre a cargo de Bruno Arias.<\/strong><\/p>\n<p>&nbsp;<\/p>\n<p><span style=\"text-decoration: underline;\"><strong>Un poco de historia<\/strong><\/span><\/p>\n<p>&nbsp;<\/p>\n<p><img data-recalc-dims=\"1\" loading=\"lazy\" decoding=\"async\" class=\"alignnone size-large wp-image-46213\" src=\"https:\/\/i0.wp.com\/cdnoticias.com\/wp-content\/uploads\/2022\/02\/FTN3.jpg?resize=800%2C534&#038;ssl=1\" alt=\"\" width=\"800\" height=\"534\" srcset=\"https:\/\/i0.wp.com\/cdnoticias.com\/wp-content\/uploads\/2022\/02\/FTN3-scaled.jpg?resize=1024%2C683&amp;ssl=1 1024w, https:\/\/i0.wp.com\/cdnoticias.com\/wp-content\/uploads\/2022\/02\/FTN3-scaled.jpg?resize=300%2C200&amp;ssl=1 300w, https:\/\/i0.wp.com\/cdnoticias.com\/wp-content\/uploads\/2022\/02\/FTN3-scaled.jpg?resize=768%2C512&amp;ssl=1 768w, https:\/\/i0.wp.com\/cdnoticias.com\/wp-content\/uploads\/2022\/02\/FTN3-scaled.jpg?resize=1536%2C1024&amp;ssl=1 1536w, https:\/\/i0.wp.com\/cdnoticias.com\/wp-content\/uploads\/2022\/02\/FTN3-scaled.jpg?resize=2048%2C1365&amp;ssl=1 2048w, https:\/\/i0.wp.com\/cdnoticias.com\/wp-content\/uploads\/2022\/02\/FTN3-scaled.jpg?resize=272%2C182&amp;ssl=1 272w, https:\/\/i0.wp.com\/cdnoticias.com\/wp-content\/uploads\/2022\/02\/FTN3-scaled.jpg?w=1600&amp;ssl=1 1600w, https:\/\/i0.wp.com\/cdnoticias.com\/wp-content\/uploads\/2022\/02\/FTN3-scaled.jpg?w=2400&amp;ssl=1 2400w\" sizes=\"auto, (max-width: 800px) 100vw, 800px\" \/><\/p>\n<p>&nbsp;<\/p>\n<p><strong>La torta negra es una creaci\u00f3n argentina conocida a lo largo de todo el pa\u00eds, y su origen se remonta a la creatividad de los panaderos para aprovechar la masa sobrante de la elaboraci\u00f3n del pan, por eso la masa es salada.<\/strong> La receta se completa con el agregado de grasa en la masa y una cobertura de az\u00facar negra -la menos refinada- que por aquel entonces era la m\u00e1s econ\u00f3mica.<\/p>\n<p>&nbsp;<\/p>\n<p>En todo el pa\u00eds son popularmente conocidas como tortitas negras, pero <strong>en Tapalqu\u00e9 el tama\u00f1o se modific\u00f3 por la utilizaci\u00f3n de moldes pizzeros. Cada factura tiene entre 25 y 30 cm de di\u00e1metro<\/strong>, por eso son conocidas como Tortas Negras (sin el diminutivo) y, debido a su gran tama\u00f1o, se comparten.<\/p>\n","protected":false},"excerpt":{"rendered":"<p>Ser\u00e1 desde la ma\u00f1ana y durante todo el d\u00eda, con entrada libre y gratuita. Se cortar\u00e1 la torta negra gigante<\/p>\n","protected":false},"author":2,"featured_media":46217,"comment_status":"closed","ping_status":"closed","sticky":false,"template":"","format":"standard","meta":{"_jetpack_memberships_contains_paid_content":false,"footnotes":""},"categories":[5,1],"tags":[],"class_list":["post-46212","post","type-post","status-publish","format-standard","has-post-thumbnail","hentry","category-informacion-general","category-portada"],"jetpack_featured_media_url":"https:\/\/i0.wp.com\/cdnoticias.com\/wp-content\/uploads\/2022\/02\/FTN16.jpeg?fit=1280%2C704&ssl=1","jetpack_sharing_enabled":true,"_links":{"self":[{"href":"https:\/\/cdnoticias.com\/index.php\/wp-json\/wp\/v2\/posts\/46212","targetHints":{"allow":["GET"]}}],"collection":[{"href":"https:\/\/cdnoticias.com\/index.php\/wp-json\/wp\/v2\/posts"}],"about":[{"href":"https:\/\/cdnoticias.com\/index.php\/wp-json\/wp\/v2\/types\/post"}],"author":[{"embeddable":true,"href":"https:\/\/cdnoticias.com\/index.php\/wp-json\/wp\/v2\/users\/2"}],"replies":[{"embeddable":true,"href":"https:\/\/cdnoticias.com\/index.php\/wp-json\/wp\/v2\/comments?post=46212"}],"version-history":[{"count":0,"href":"https:\/\/cdnoticias.com\/index.php\/wp-json\/wp\/v2\/posts\/46212\/revisions"}],"wp:featuredmedia":[{"embeddable":true,"href":"https:\/\/cdnoticias.com\/index.php\/wp-json\/wp\/v2\/media\/46217"}],"wp:attachment":[{"href":"https:\/\/cdnoticias.com\/index.php\/wp-json\/wp\/v2\/media?parent=46212"}],"wp:term":[{"taxonomy":"category","embeddable":true,"href":"https:\/\/cdnoticias.com\/index.php\/wp-json\/wp\/v2\/categories?post=46212"},{"taxonomy":"post_tag","embeddable":true,"href":"https:\/\/cdnoticias.com\/index.php\/wp-json\/wp\/v2\/tags?post=46212"}],"curies":[{"name":"wp","href":"https:\/\/api.w.org\/{rel}","templated":true}]}}