{"id":46209,"date":"2022-02-11T09:39:37","date_gmt":"2022-02-11T12:39:37","guid":{"rendered":"https:\/\/www.centraldenoticias.com.ar\/?p=46209"},"modified":"2022-02-11T09:39:37","modified_gmt":"2022-02-11T12:39:37","slug":"eleccion-de-delegados-se-espera-mas-participacion-de-candidatos","status":"publish","type":"post","link":"https:\/\/cdnoticias.com\/index.php\/2022\/02\/11\/eleccion-de-delegados-se-espera-mas-participacion-de-candidatos\/","title":{"rendered":"Elecci\u00f3n de delegados: se espera m\u00e1s participaci\u00f3n de candidatos"},"content":{"rendered":"<p>Lo estim\u00f3 el subsecretario de Gobierno, Emilio Vitale, tras encabezar una charla orientativa para los aspirantes. La semana que viene deber\u00e1n presentar la documentaci\u00f3n solicitada.<!--more--><\/p>\n<hr \/>\n<p>En la ma\u00f1ana de este jueves <strong>el Secretario de Gobierno Hilario Galli, el Subsecretario de Gobierno Emilio Vitale y el Director de Delegaciones C\u00e9sar Bournot se reunieron con aspirantes a delegados municipales<\/strong>.<\/p>\n<p>&nbsp;<\/p>\n<p>Seg\u00fan asegur\u00f3 el propio Vitale la reuni\u00f3n \u201cse convoc\u00f3 en la <strong>instancia de presentaci\u00f3n de documentaci\u00f3n<\/strong>, como parte del <a href=\"https:\/\/cdnoticias.com\/index.php\/2022\/01\/17\/con-modificaciones-anunciaron-la-fecha-de-eleccion-de-delegados-de-las-localidades\/\" target=\"_blank\" rel=\"noopener\">proceso de la consulta popular<\/a>\u201d.<\/p>\n<p>&nbsp;<\/p>\n<p>\u201cCada aspirante deber\u00e1 iniciar un expediente en la Municipalidad y lo que queremos hacer es <strong>facilitar el trabajo administrativo<\/strong> que se tiene que desarrollar\u201d, agreg\u00f3 el Subsecretario de Gobierno.<\/p>\n<p>&nbsp;<\/p>\n<blockquote><p>Adem\u00e1s, el funcionario explic\u00f3 que \u201chubo una buena recepci\u00f3n con un alto grado de presencialidad de los aspirantes. Esto nos indica que vamos a tener una elecci\u00f3n con m\u00e1s participaci\u00f3n que la anterior\u201d.<\/p><\/blockquote>\n<p>&nbsp;<\/p>\n<p>Desde la Subsecretar\u00eda de Gobierno recordaron que <strong>la semana que viene, con turnos previamente asignados, los aspirantes deber\u00e1n presentar la documentaci\u00f3n solicitada<\/strong> y a partir del 21 de febrero se pone en funcionamiento la junta electoral, encargada de analizar la documentaci\u00f3n requerida.<\/p>\n<p>&nbsp;<\/p>\n<p>Por \u00faltimo, se record\u00f3 que <strong>el 10 de abril de 10 a 16 horas en simult\u00e1neo se llevar\u00e1n a cabo las elecciones<\/strong> en Loma Negra, Sierras Bayas, Sierra Chica, Hinojo, Espigas, Recalde y Santa Luisa.<\/p>\n","protected":false},"excerpt":{"rendered":"<p>Lo estim\u00f3 el subsecretario de Gobierno, Emilio Vitale, tras encabezar una charla orientativa para los aspirantes. La semana que viene<\/p>\n","protected":false},"author":4,"featured_media":46210,"comment_status":"closed","ping_status":"closed","sticky":false,"template":"","format":"standard","meta":{"_jetpack_memberships_contains_paid_content":false,"footnotes":""},"categories":[5,1],"tags":[],"class_list":["post-46209","post","type-post","status-publish","format-standard","has-post-thumbnail","hentry","category-informacion-general","category-portada"],"jetpack_featured_media_url":"https:\/\/i0.wp.com\/cdnoticias.com\/wp-content\/uploads\/2022\/02\/GOBIERNO-Eleccion-delegados-0.jpg?fit=800%2C445&ssl=1","jetpack_sharing_enabled":true,"_links":{"self":[{"href":"https:\/\/cdnoticias.com\/index.php\/wp-json\/wp\/v2\/posts\/46209","targetHints":{"allow":["GET"]}}],"collection":[{"href":"https:\/\/cdnoticias.com\/index.php\/wp-json\/wp\/v2\/posts"}],"about":[{"href":"https:\/\/cdnoticias.com\/index.php\/wp-json\/wp\/v2\/types\/post"}],"author":[{"embeddable":true,"href":"https:\/\/cdnoticias.com\/index.php\/wp-json\/wp\/v2\/users\/4"}],"replies":[{"embeddable":true,"href":"https:\/\/cdnoticias.com\/index.php\/wp-json\/wp\/v2\/comments?post=46209"}],"version-history":[{"count":0,"href":"https:\/\/cdnoticias.com\/index.php\/wp-json\/wp\/v2\/posts\/46209\/revisions"}],"wp:featuredmedia":[{"embeddable":true,"href":"https:\/\/cdnoticias.com\/index.php\/wp-json\/wp\/v2\/media\/46210"}],"wp:attachment":[{"href":"https:\/\/cdnoticias.com\/index.php\/wp-json\/wp\/v2\/media?parent=46209"}],"wp:term":[{"taxonomy":"category","embeddable":true,"href":"https:\/\/cdnoticias.com\/index.php\/wp-json\/wp\/v2\/categories?post=46209"},{"taxonomy":"post_tag","embeddable":true,"href":"https:\/\/cdnoticias.com\/index.php\/wp-json\/wp\/v2\/tags?post=46209"}],"curies":[{"name":"wp","href":"https:\/\/api.w.org\/{rel}","templated":true}]}}