{"id":46204,"date":"2022-02-11T08:46:54","date_gmt":"2022-02-11T11:46:54","guid":{"rendered":"https:\/\/www.centraldenoticias.com.ar\/?p=46204"},"modified":"2022-02-11T08:47:46","modified_gmt":"2022-02-11T11:47:46","slug":"la-provincia-trabaja-para-fortalecer-la-formacion-laboral","status":"publish","type":"post","link":"https:\/\/cdnoticias.com\/index.php\/2022\/02\/11\/la-provincia-trabaja-para-fortalecer-la-formacion-laboral\/","title":{"rendered":"La Provincia trabaja para fortalecer la formaci\u00f3n laboral"},"content":{"rendered":"<p>\u201cEs una herramienta que permite igualar y equiparar las posibilidades de acceso a un empleo digno\u201d, expres\u00f3 la ministra de Trabajo, Mara Ruiz Malec. Reuni\u00f3n con el gobernador Kicillof y el director general de Educaci\u00f3n, Alberto Sileoni. <!--more--><\/p>\n<hr \/>\n<p>Este jueves <strong>el gobernador de la provincia de Buenos Aires, Axel Kicillof<\/strong>, mantuvo un encuentro con <em>el director general de Cultura y Educaci\u00f3n, Alberto Sileoni, y la ministra de Trabajo, Mara Ruiz Malec<\/em>, para <strong>articular el trabajo conjunto para la formaci\u00f3n laboral en la Provincia<\/strong>.<\/p>\n<p>&nbsp;<\/p>\n<blockquote><p>\u201cNos reunimos para relanzar la formaci\u00f3n laboral de la Provincia, que es una herramienta que permite igualar y equiparar las posibilidades de acceso a un empleo digno\u201d, expres\u00f3 Ruiz Malec.<\/p><\/blockquote>\n<p>&nbsp;<\/p>\n<p>\u201cTenemos que seguir incorporando los oficios del futuro, las nuevas tecnolog\u00edas y tambi\u00e9n <strong>tenemos que trabajar para incluir a las poblaciones m\u00e1s vulnerables<\/strong>\u201d, detall\u00f3 la Ministra y concluy\u00f3: \u201cEse camino vamos a transitar junto al ministro Sileoni para <strong>que la formaci\u00f3n se traduzca en m\u00e1s trabajo<\/strong>\u201d.<\/p>\n<p>&nbsp;<\/p>\n<p><img data-recalc-dims=\"1\" loading=\"lazy\" decoding=\"async\" class=\"size-full wp-image-46206 aligncenter\" src=\"https:\/\/i0.wp.com\/cdnoticias.com\/wp-content\/uploads\/2022\/02\/kicillof-malec-sileoni-01.jpg?resize=800%2C445&#038;ssl=1\" alt=\"\" width=\"800\" height=\"445\" srcset=\"https:\/\/i0.wp.com\/cdnoticias.com\/wp-content\/uploads\/2022\/02\/kicillof-malec-sileoni-01.jpg?w=800&amp;ssl=1 800w, https:\/\/i0.wp.com\/cdnoticias.com\/wp-content\/uploads\/2022\/02\/kicillof-malec-sileoni-01.jpg?resize=300%2C167&amp;ssl=1 300w, https:\/\/i0.wp.com\/cdnoticias.com\/wp-content\/uploads\/2022\/02\/kicillof-malec-sileoni-01.jpg?resize=768%2C427&amp;ssl=1 768w\" sizes=\"auto, (max-width: 800px) 100vw, 800px\" \/><\/p>\n<p>&nbsp;<\/p>\n<p><strong>En la Provincia de Buenos Aires funcionan 210 Centros de Formaci\u00f3n Laboral (CFL)<\/strong> que brindan cursos de formaci\u00f3n gratuitos en oficios. Actualmente est\u00e1n abiertas las inscripciones para los <strong>m\u00e1s de 8.500 cursos cortos<\/strong> que se dictar\u00e1n desde marzo y durante todo el ciclo lectivo, y las inscripciones permanecen abiertas durante todo el a\u00f1o.<\/p>\n<p>&nbsp;<\/p>\n<p>Los centros de formaci\u00f3n profesional y laboral son gestionados de forma conjunta entre la Direcci\u00f3n General de Cultura y Educaci\u00f3n y el Ministerio de Trabajo de la Provincia. Estas capacitaciones laborales apuntan a <strong>fortalecer el desarrollo regional<\/strong> teniendo en cuenta las caracter\u00edsticas y necesidades productivas de los municipios, apuntando a la generaci\u00f3n de empleo y el fortalecimiento de los emprendimientos productivos locales.<\/p>\n<p>&nbsp;<\/p>\n<p>Ingresando<a href=\"https:\/\/www.trabajo.gba.gov.ar\/ipfl\/cursos-de-formacion-laboral-feb-2022\" target=\"_blank\" rel=\"noopener\"> en la web de la cartera de Trabajo<\/a> se puede consultar los cursos y las sedes de los Centros de Formaci\u00f3n Laboral de los 135 municipios.<\/p>\n","protected":false},"excerpt":{"rendered":"<p>\u201cEs una herramienta que permite igualar y equiparar las posibilidades de acceso a un empleo digno\u201d, expres\u00f3 la ministra de<\/p>\n","protected":false},"author":4,"featured_media":46207,"comment_status":"closed","ping_status":"closed","sticky":false,"template":"","format":"standard","meta":{"_jetpack_memberships_contains_paid_content":false,"footnotes":""},"categories":[6,1],"tags":[],"class_list":["post-46204","post","type-post","status-publish","format-standard","has-post-thumbnail","hentry","category-nacionales","category-portada"],"jetpack_featured_media_url":"https:\/\/i0.wp.com\/cdnoticias.com\/wp-content\/uploads\/2022\/02\/kicillof-malec-sileoni-00.jpg?fit=800%2C445&ssl=1","jetpack_sharing_enabled":true,"_links":{"self":[{"href":"https:\/\/cdnoticias.com\/index.php\/wp-json\/wp\/v2\/posts\/46204","targetHints":{"allow":["GET"]}}],"collection":[{"href":"https:\/\/cdnoticias.com\/index.php\/wp-json\/wp\/v2\/posts"}],"about":[{"href":"https:\/\/cdnoticias.com\/index.php\/wp-json\/wp\/v2\/types\/post"}],"author":[{"embeddable":true,"href":"https:\/\/cdnoticias.com\/index.php\/wp-json\/wp\/v2\/users\/4"}],"replies":[{"embeddable":true,"href":"https:\/\/cdnoticias.com\/index.php\/wp-json\/wp\/v2\/comments?post=46204"}],"version-history":[{"count":0,"href":"https:\/\/cdnoticias.com\/index.php\/wp-json\/wp\/v2\/posts\/46204\/revisions"}],"wp:featuredmedia":[{"embeddable":true,"href":"https:\/\/cdnoticias.com\/index.php\/wp-json\/wp\/v2\/media\/46207"}],"wp:attachment":[{"href":"https:\/\/cdnoticias.com\/index.php\/wp-json\/wp\/v2\/media?parent=46204"}],"wp:term":[{"taxonomy":"category","embeddable":true,"href":"https:\/\/cdnoticias.com\/index.php\/wp-json\/wp\/v2\/categories?post=46204"},{"taxonomy":"post_tag","embeddable":true,"href":"https:\/\/cdnoticias.com\/index.php\/wp-json\/wp\/v2\/tags?post=46204"}],"curies":[{"name":"wp","href":"https:\/\/api.w.org\/{rel}","templated":true}]}}