{"id":46182,"date":"2022-02-11T08:12:12","date_gmt":"2022-02-11T11:12:12","guid":{"rendered":"https:\/\/www.centraldenoticias.com.ar\/?p=46182"},"modified":"2022-02-11T12:09:52","modified_gmt":"2022-02-11T15:09:52","slug":"el-detras-de-la-postergacion-del-juicio-por-las-muertes-en-el-recital-del-indio-solari","status":"publish","type":"post","link":"https:\/\/cdnoticias.com\/index.php\/2022\/02\/11\/el-detras-de-la-postergacion-del-juicio-por-las-muertes-en-el-recital-del-indio-solari\/","title":{"rendered":"El detr\u00e1s de la postergaci\u00f3n del juicio por las muertes en el recital del Indio Solari"},"content":{"rendered":"<p>Acuerdo econ\u00f3mico con v\u00edctimas, apelaciones y una inc\u00f3gnita que podr\u00eda resolverse en las pr\u00f3ximas semanas.<!--more--><\/p>\n<hr \/>\n<p><strong>En la ma\u00f1ana de este jueves debi\u00f3 comenzar el juicio oral por las dos muertes ocurridas en el marco del recital que el Indio Solari y los Fundamentalistas del Aire Acondicionado<\/strong> brindaron en marzo del 2017 en el predio La Colmena de nuestra ciudad. Es m\u00e1s, en esa audiencia tambi\u00e9n se ventilar\u00edan las condiciones en las que otras 8 personas denunciaron haber sufrido diversas lesiones. Sin embargo, <a href=\"https:\/\/cdnoticias.com\/index.php\/2022\/02\/10\/indio-en-olavarria-se-postergo-el-inicio-del-juicio-oral\/\" target=\"_blank\" rel=\"noopener\">tal como se relat\u00f3 m\u00e1s temprano<\/a>, nada de ello sucedi\u00f3.<\/p>\n<p>&nbsp;<\/p>\n<p>Fuentes consultadas por este portal dieron cuenta que todo respondi\u00f3, en principio a una reprogramaci\u00f3n para acortar el n\u00famero de las audiencias, lo que gener\u00f3 que solo sigan en pie las \u00faltimas del total de las 10 pautadas. En otras palabras, y dicho de manera m\u00e1s simple, <strong>esperar hasta abril, fecha en la que finalmente se iniciar\u00eda la instancia de debate en el Juzgado Correccional local, que tiene como titular a la jueza Cecilia Desiata.<\/strong><\/p>\n<p>&nbsp;<\/p>\n<figure id=\"attachment_8014\" aria-describedby=\"caption-attachment-8014\" style=\"width: 910px\" class=\"wp-caption alignnone\"><img data-recalc-dims=\"1\" loading=\"lazy\" decoding=\"async\" class=\"size-full wp-image-8014\" src=\"https:\/\/i0.wp.com\/cdnoticias.com\/wp-content\/uploads\/2020\/12\/1606944224.jpeg?resize=800%2C529&#038;ssl=1\" alt=\"\" width=\"800\" height=\"529\" srcset=\"https:\/\/i0.wp.com\/cdnoticias.com\/wp-content\/uploads\/2020\/12\/1606944224.jpeg?w=910&amp;ssl=1 910w, https:\/\/i0.wp.com\/cdnoticias.com\/wp-content\/uploads\/2020\/12\/1606944224.jpeg?resize=300%2C198&amp;ssl=1 300w, https:\/\/i0.wp.com\/cdnoticias.com\/wp-content\/uploads\/2020\/12\/1606944224.jpeg?resize=768%2C508&amp;ssl=1 768w\" sizes=\"auto, (max-width: 800px) 100vw, 800px\" \/><figcaption id=\"caption-attachment-8014\" class=\"wp-caption-text\">Foto Nacho Correa \/Diario El TIempo de Azul<\/figcaption><\/figure>\n<p>&nbsp;<\/p>\n<p>El di\u00e1logo con m\u00e1s fuentes permiti\u00f3 conocer que esa situaci\u00f3n tiene su explicaci\u00f3n en un <strong>acuerdo econ\u00f3mico de los acusados con las v\u00edctimas<\/strong>. Vale dar cuenta que esta posibilidad siempre gir\u00f3 como una alternativa que fue ganando fuerza con el correr del tiempo, m\u00e1s a\u00fan cuando no prosper\u00f3 la intenci\u00f3n de la fiscal\u00eda, ahora en la figura del doctor Ignacio Calonje, de encuadrar lo sucedido como un \u201cestrago\u201d, algo que encuentra su antecedente y parang\u00f3n con lo sucedido en la tragedia de Croma\u00f1on en el marco del recital de Callejeros.<\/p>\n<p>&nbsp;<\/p>\n<p>Sin embargo, como se refiri\u00f3, ello no sucedi\u00f3 y fue en \u00faltima instancia el<a href=\"https:\/\/cdnoticias.com\/index.php\/2020\/12\/02\/casacion-confirmo-la-elevacion-a-juicio-de-la-causa-por-el-recital-del-indio-en-olavarria\/\" target=\"_blank\" rel=\"noopener\"> Tribunal de Casaci\u00f3n Penal<\/a> el que entendi\u00f3 que los hechos deb\u00edan ser tipificados como <strong>\u201chomicidio culposo\u201d respecto de las muertes de Juan Francisco Bulacio y Javier Fernando Le\u00f3n y \u201clesiones culposas\u201d en lo que respecta a Marcelo Daniel Furchini, Gonzalo Ra\u00fal Acu\u00f1a, Florencia Monta\u00f1o Oliver, Gonzalo Ismael Scifo, Alexis Alfredo Arbeloa, Cristina Noemi S\u00e1nchez, Walter Bru y Alexis Avillano.<\/strong><\/p>\n<p>&nbsp;<\/p>\n<figure id=\"attachment_8016\" aria-describedby=\"caption-attachment-8016\" style=\"width: 948px\" class=\"wp-caption alignnone\"><img data-recalc-dims=\"1\" loading=\"lazy\" decoding=\"async\" class=\"size-full wp-image-8016\" src=\"https:\/\/i0.wp.com\/cdnoticias.com\/wp-content\/uploads\/2020\/12\/1606944511.jpeg?resize=800%2C450&#038;ssl=1\" alt=\"\" width=\"800\" height=\"450\" srcset=\"https:\/\/i0.wp.com\/cdnoticias.com\/wp-content\/uploads\/2020\/12\/1606944511.jpeg?w=948&amp;ssl=1 948w, https:\/\/i0.wp.com\/cdnoticias.com\/wp-content\/uploads\/2020\/12\/1606944511.jpeg?resize=300%2C169&amp;ssl=1 300w, https:\/\/i0.wp.com\/cdnoticias.com\/wp-content\/uploads\/2020\/12\/1606944511.jpeg?resize=768%2C432&amp;ssl=1 768w\" sizes=\"auto, (max-width: 800px) 100vw, 800px\" \/><figcaption id=\"caption-attachment-8016\" class=\"wp-caption-text\">Foto Nacho Correa \/Diario El TIempo de Azul<\/figcaption><\/figure>\n<p>&nbsp;<\/p>\n<p>Ese encuadre alej\u00f3 la resoluci\u00f3n de la causa del \u00e1mbito criminal y lo ubic\u00f3 en lo Correccional, siendo sorteado el Juzgado de nuestra ciudad. Eso ocurri\u00f3 a fines del 2020, y es d<strong>esde ese entonces -e inclusive antes- que los rumores y versiones en cuanto a un acuerdo entre las partes para evitar la instancia de juicio son cada vez m\u00e1s fuertes.<\/strong><\/p>\n<p>&nbsp;<\/p>\n<p>Ahora bien, lo que logr\u00f3 conocerse es que desde la representaci\u00f3n de los acusados, a saber los hermanos Marcos y Mat\u00edas Peuscovich, adem\u00e1s de Gustavo Zurita (todos ellos ligados a la productora del evento), lograron un acuerdo con familiares de las v\u00edctimas fatales, adem\u00e1s de personas que denunciaron haber sufrido lesiones. Tal es as\u00ed que <strong>renunciaron a su calidad de \u201cparticular damnificado\u201d, lo que permiti\u00f3 un \u201csobreseimiento parcial\u201d para los tres procesados para los delitos m\u00e1s gravosos.<\/strong><\/p>\n<p>&nbsp;<\/p>\n<p><strong>Es por ello que, en caso de confirmarse, las audiencias proseguir\u00e1n a inicios de abril pero \u00fanicamente para las v\u00edctimas restantes de \u201clesiones culposas\u201d<\/strong>. Todo se encuentra sujeto al planteo de <strong>apelaci\u00f3n a la \u201cextinci\u00f3n de la acci\u00f3n penal\u201d<\/strong> realizado por el fiscal Ignacio Calonje, quien intenta que los acusados sean enjuiciados tambi\u00e9n por los \u201chomicidios culpososo\u201d. La respuesta llegar\u00e1 en las pr\u00f3ximas semanas.<\/p>\n","protected":false},"excerpt":{"rendered":"<p>Acuerdo econ\u00f3mico con v\u00edctimas, apelaciones y una inc\u00f3gnita que podr\u00eda resolverse en las pr\u00f3ximas semanas.<\/p>\n","protected":false},"author":4,"featured_media":33455,"comment_status":"closed","ping_status":"closed","sticky":false,"template":"","format":"standard","meta":{"_jetpack_memberships_contains_paid_content":false,"footnotes":""},"categories":[14,1],"tags":[],"class_list":["post-46182","post","type-post","status-publish","format-standard","has-post-thumbnail","hentry","category-policiales","category-portada"],"jetpack_featured_media_url":"https:\/\/i0.wp.com\/cdnoticias.com\/wp-content\/uploads\/2021\/09\/Indio-en-Olavarr%C3%ADa.jpg?fit=1920%2C994&ssl=1","jetpack_sharing_enabled":true,"_links":{"self":[{"href":"https:\/\/cdnoticias.com\/index.php\/wp-json\/wp\/v2\/posts\/46182","targetHints":{"allow":["GET"]}}],"collection":[{"href":"https:\/\/cdnoticias.com\/index.php\/wp-json\/wp\/v2\/posts"}],"about":[{"href":"https:\/\/cdnoticias.com\/index.php\/wp-json\/wp\/v2\/types\/post"}],"author":[{"embeddable":true,"href":"https:\/\/cdnoticias.com\/index.php\/wp-json\/wp\/v2\/users\/4"}],"replies":[{"embeddable":true,"href":"https:\/\/cdnoticias.com\/index.php\/wp-json\/wp\/v2\/comments?post=46182"}],"version-history":[{"count":0,"href":"https:\/\/cdnoticias.com\/index.php\/wp-json\/wp\/v2\/posts\/46182\/revisions"}],"wp:featuredmedia":[{"embeddable":true,"href":"https:\/\/cdnoticias.com\/index.php\/wp-json\/wp\/v2\/media\/33455"}],"wp:attachment":[{"href":"https:\/\/cdnoticias.com\/index.php\/wp-json\/wp\/v2\/media?parent=46182"}],"wp:term":[{"taxonomy":"category","embeddable":true,"href":"https:\/\/cdnoticias.com\/index.php\/wp-json\/wp\/v2\/categories?post=46182"},{"taxonomy":"post_tag","embeddable":true,"href":"https:\/\/cdnoticias.com\/index.php\/wp-json\/wp\/v2\/tags?post=46182"}],"curies":[{"name":"wp","href":"https:\/\/api.w.org\/{rel}","templated":true}]}}