{"id":46149,"date":"2022-02-10T19:34:56","date_gmt":"2022-02-10T22:34:56","guid":{"rendered":"https:\/\/www.centraldenoticias.com.ar\/?p=46149"},"modified":"2022-02-20T19:37:55","modified_gmt":"2022-02-20T22:37:55","slug":"nuevo-edificio-para-artes-visuales-no-hay-absolutamente-nada","status":"publish","type":"post","link":"https:\/\/cdnoticias.com\/index.php\/2022\/02\/10\/nuevo-edificio-para-artes-visuales-no-hay-absolutamente-nada\/","title":{"rendered":"Nuevo edificio para Artes Visuales: \u201cNo hay absolutamente nada\u201d"},"content":{"rendered":"<p>Fabi\u00e1n Iglesias, director de la instituci\u00f3n habl\u00f3 con Central de Noticias sobre el estado de la obra. Se\u00f1al\u00f3 que el municipio demor\u00f3 la licitaci\u00f3n y adjudicaci\u00f3n. Proyect\u00f3 la mudanza para el receso de invierno.<!--more--><\/p>\n<hr \/>\n<p><em>Por: Danisa Jaime<\/em><\/p>\n<p>&nbsp;<\/p>\n<p><strong>\u201cLa idea es empezar el 2022 en el nuevo edificio\u201d<\/strong> hab\u00eda adelantado Fabi\u00e1n Iglesias, director de la Escuela de Artes Visuales \u201cMiguel \u00c1ngel Galgano\u201d<a href=\"https:\/\/cdnoticias.com\/index.php\/2021\/04\/21\/artes-visuales-la-idea-es-empezar-el-2022-en-el-nuevo-edificio\/\" target=\"_blank\" rel=\"noopener\"> en abril de 2021<\/a> con la esperanza de dar por finalizado el reclamo hist\u00f3rico de un edificio propio.<\/p>\n<p>&nbsp;<\/p>\n<p>Sin embargo, <strong>un nuevo ciclo lectivo est\u00e1 por comenzar y la mudanza al predio de la Escuela Agropecuaria, a\u00fan no se concret\u00f3<\/strong>. Recordemos que la obra del nuevo edificio<a href=\"https:\/\/cdnoticias.com\/index.php\/2021\/06\/12\/edificio-de-artes-visuales-la-provincia-realizara-la-obra\/\" target=\"_blank\" rel=\"noopener\"> est\u00e1 a cargo de la Provincia<\/a> con una inversi\u00f3n de m\u00e1s de 25 millones de pesos. La fecha de licitaci\u00f3n del edificio se confirm\u00f3 para el pasado 29 de noviembre con un plazo de obra de 90 d\u00edas corridos. En esta ocasi\u00f3n<a href=\"https:\/\/cdnoticias.com\/index.php\/2021\/11\/29\/unica-oferta-por-casi-30-millones-de-pesos-para-el-edificio-de-artes-visuales\/\" target=\"_blank\" rel=\"noopener\"> se present\u00f3 una \u00fanica oferta por casi 30 millones de pesos.<\/a><\/p>\n<p>&nbsp;<\/p>\n<p>El <strong>director de la Escuela de Artes Visuales, Fabi\u00e1n Iglesias<\/strong>, dialog\u00f3 con <em>Central de Noticias<\/em> acerca de la situaci\u00f3n actual, <strong>no disimul\u00f3 su inquietud y acus\u00f3 al Municipio de \u201cdilatar\u201d los tiempos para la construcci\u00f3n del edificio.<\/strong><\/p>\n<p>&nbsp;<\/p>\n<p><img data-recalc-dims=\"1\" loading=\"lazy\" decoding=\"async\" class=\"aligncenter size-full wp-image-46185\" src=\"https:\/\/i0.wp.com\/cdnoticias.com\/wp-content\/uploads\/2022\/02\/242452496_10226611638387010_7032718505150793961_n.jpg?resize=800%2C800&#038;ssl=1\" alt=\"\" width=\"800\" height=\"800\" srcset=\"https:\/\/i0.wp.com\/cdnoticias.com\/wp-content\/uploads\/2022\/02\/242452496_10226611638387010_7032718505150793961_n.jpg?w=853&amp;ssl=1 853w, https:\/\/i0.wp.com\/cdnoticias.com\/wp-content\/uploads\/2022\/02\/242452496_10226611638387010_7032718505150793961_n.jpg?resize=300%2C300&amp;ssl=1 300w, https:\/\/i0.wp.com\/cdnoticias.com\/wp-content\/uploads\/2022\/02\/242452496_10226611638387010_7032718505150793961_n.jpg?resize=150%2C150&amp;ssl=1 150w, https:\/\/i0.wp.com\/cdnoticias.com\/wp-content\/uploads\/2022\/02\/242452496_10226611638387010_7032718505150793961_n.jpg?resize=768%2C768&amp;ssl=1 768w\" sizes=\"auto, (max-width: 800px) 100vw, 800px\" \/><\/p>\n<p>&nbsp;<\/p>\n<p>En referencia al accionar del Municipio se\u00f1al\u00f3 que <em>\u201cdesde junio que se hab\u00eda adjudicado la obra,<strong> hasta que sacaron los pliegos, licitaron y entregaron todo para que empiece la obra, la verdad que se tomaron muchos meses y fue dilatar y perder tiempo.<\/strong> Pero bueno, siempre te dan una explicaci\u00f3n diferente y no s\u00e9 qui\u00e9n dice la verdad y qui\u00e9n no\u201d.<\/em><\/p>\n<p>&nbsp;<\/p>\n<p>Asegur\u00f3 que<em> \u201creci\u00e9n la semana pasada hab\u00edan hablado para que la empresa comenzara y <strong>desde Provincia te\u00f3ricamente en unos 10 d\u00edas estar\u00edan enviando el primer porcentaje del capital para que la empresa compre los materiales e inicie la obra<\/strong>\u201d.<\/em><\/p>\n<p>&nbsp;<\/p>\n<p>Hoy por hoy, Iglesias resalt\u00f3 que<strong><em> \u201cno hay absolutamente nada, en todo el verano no hicieron absolutamente nada\u201d.<\/em><\/strong> En ese sentido, proyecto que <em>\u201ccomo la obra tiene un plazo de 90 d\u00edas una vez iniciado, <strong>creo que vamos a estar mud\u00e1ndonos para el receso de invierno<\/strong> aproximadamente\u201d.<\/em><\/p>\n<p>&nbsp;<\/p>\n<p><img data-recalc-dims=\"1\" loading=\"lazy\" decoding=\"async\" class=\"aligncenter size-full wp-image-46186\" src=\"https:\/\/i0.wp.com\/cdnoticias.com\/wp-content\/uploads\/2022\/02\/242456249_10226611640507063_1572451300269803237_n.jpg?resize=800%2C533&#038;ssl=1\" alt=\"\" width=\"800\" height=\"533\" srcset=\"https:\/\/i0.wp.com\/cdnoticias.com\/wp-content\/uploads\/2022\/02\/242456249_10226611640507063_1572451300269803237_n.jpg?w=960&amp;ssl=1 960w, https:\/\/i0.wp.com\/cdnoticias.com\/wp-content\/uploads\/2022\/02\/242456249_10226611640507063_1572451300269803237_n.jpg?resize=300%2C200&amp;ssl=1 300w, https:\/\/i0.wp.com\/cdnoticias.com\/wp-content\/uploads\/2022\/02\/242456249_10226611640507063_1572451300269803237_n.jpg?resize=768%2C512&amp;ssl=1 768w, https:\/\/i0.wp.com\/cdnoticias.com\/wp-content\/uploads\/2022\/02\/242456249_10226611640507063_1572451300269803237_n.jpg?resize=272%2C182&amp;ssl=1 272w\" sizes=\"auto, (max-width: 800px) 100vw, 800px\" \/><\/p>\n<p>&nbsp;<\/p>\n<p>Por lo pronto, los alumnos y alumnas de Artes Visuales <strong>comenzar\u00e1n las cursadas el pr\u00f3ximo 14 de marzo<\/strong>. <em>\u201cNi bien empiecen las cursadas vamos a hacer alguna reuni\u00f3n o asamblea para ir cont\u00e1ndoles a los chicos c\u00f3mo son los pasos que se est\u00e1n dando, porque hoy no depende nada de nosotros\u201d<\/em> explic\u00f3 Iglesias.<\/p>\n<p>Durante este tiempo, el director de la instituci\u00f3n destac\u00f3 que estuvieron abocados a<strong><em> \u201cgenerar lazos con las escuelas del lugar\u201d.<\/em><\/strong> Es as\u00ed que <em>\u201cnos reunimos con Sandra Botasi, directora de la Escuela Agropecuaria y tambi\u00e9n proyectamos los talleres con ella. La mejor de las intenciones, muy bien predispuesta y la relaci\u00f3n es muy buena\u201d.<\/em><\/p>\n<p>&nbsp;<\/p>\n<p><img data-recalc-dims=\"1\" loading=\"lazy\" decoding=\"async\" class=\"aligncenter size-full wp-image-46188\" src=\"https:\/\/i0.wp.com\/cdnoticias.com\/wp-content\/uploads\/2022\/02\/242652246_10226611645427186_8023894990144212735_n.jpg?resize=800%2C548&#038;ssl=1\" alt=\"\" width=\"800\" height=\"548\" srcset=\"https:\/\/i0.wp.com\/cdnoticias.com\/wp-content\/uploads\/2022\/02\/242652246_10226611645427186_8023894990144212735_n.jpg?w=960&amp;ssl=1 960w, https:\/\/i0.wp.com\/cdnoticias.com\/wp-content\/uploads\/2022\/02\/242652246_10226611645427186_8023894990144212735_n.jpg?resize=300%2C206&amp;ssl=1 300w, https:\/\/i0.wp.com\/cdnoticias.com\/wp-content\/uploads\/2022\/02\/242652246_10226611645427186_8023894990144212735_n.jpg?resize=768%2C526&amp;ssl=1 768w, https:\/\/i0.wp.com\/cdnoticias.com\/wp-content\/uploads\/2022\/02\/242652246_10226611645427186_8023894990144212735_n.jpg?resize=130%2C90&amp;ssl=1 130w\" sizes=\"auto, (max-width: 800px) 100vw, 800px\" \/><\/p>\n<p>&nbsp;<\/p>\n<p>Adem\u00e1s, durante el a\u00f1o se realizaron distintas<strong> jornadas art\u00edsticas y de limpieza<\/strong> para comenzar a \u201capropiarse\u201d de un espacio deseado por generaciones de estudiantes y docentes.<\/p>\n<p>&nbsp;<\/p>\n<p><em>Fotos: Facebook Escuela de Artes Visuales.\u00a0<\/em><\/p>\n","protected":false},"excerpt":{"rendered":"<p>Fabi\u00e1n Iglesias, director de la instituci\u00f3n habl\u00f3 con Central de Noticias sobre el estado de la obra. Se\u00f1al\u00f3 que el<\/p>\n","protected":false},"author":6,"featured_media":46184,"comment_status":"closed","ping_status":"closed","sticky":false,"template":"","format":"standard","meta":{"_jetpack_memberships_contains_paid_content":false,"footnotes":""},"categories":[5,1],"tags":[],"class_list":["post-46149","post","type-post","status-publish","format-standard","has-post-thumbnail","hentry","category-informacion-general","category-portada"],"jetpack_featured_media_url":"https:\/\/i0.wp.com\/cdnoticias.com\/wp-content\/uploads\/2022\/02\/172281465_10226166206731497_255934632934560880_n.jpg?fit=1205%2C503&ssl=1","jetpack_sharing_enabled":true,"_links":{"self":[{"href":"https:\/\/cdnoticias.com\/index.php\/wp-json\/wp\/v2\/posts\/46149","targetHints":{"allow":["GET"]}}],"collection":[{"href":"https:\/\/cdnoticias.com\/index.php\/wp-json\/wp\/v2\/posts"}],"about":[{"href":"https:\/\/cdnoticias.com\/index.php\/wp-json\/wp\/v2\/types\/post"}],"author":[{"embeddable":true,"href":"https:\/\/cdnoticias.com\/index.php\/wp-json\/wp\/v2\/users\/6"}],"replies":[{"embeddable":true,"href":"https:\/\/cdnoticias.com\/index.php\/wp-json\/wp\/v2\/comments?post=46149"}],"version-history":[{"count":0,"href":"https:\/\/cdnoticias.com\/index.php\/wp-json\/wp\/v2\/posts\/46149\/revisions"}],"wp:featuredmedia":[{"embeddable":true,"href":"https:\/\/cdnoticias.com\/index.php\/wp-json\/wp\/v2\/media\/46184"}],"wp:attachment":[{"href":"https:\/\/cdnoticias.com\/index.php\/wp-json\/wp\/v2\/media?parent=46149"}],"wp:term":[{"taxonomy":"category","embeddable":true,"href":"https:\/\/cdnoticias.com\/index.php\/wp-json\/wp\/v2\/categories?post=46149"},{"taxonomy":"post_tag","embeddable":true,"href":"https:\/\/cdnoticias.com\/index.php\/wp-json\/wp\/v2\/tags?post=46149"}],"curies":[{"name":"wp","href":"https:\/\/api.w.org\/{rel}","templated":true}]}}