{"id":46135,"date":"2022-02-10T12:09:13","date_gmt":"2022-02-10T15:09:13","guid":{"rendered":"https:\/\/www.centraldenoticias.com.ar\/?p=46135"},"modified":"2022-02-10T12:09:13","modified_gmt":"2022-02-10T15:09:13","slug":"hermana-maria-ines-miranda-q-e-p-d","status":"publish","type":"post","link":"https:\/\/cdnoticias.com\/index.php\/2022\/02\/10\/hermana-maria-ines-miranda-q-e-p-d\/","title":{"rendered":"(Hermana) Mar\u00eda Ines Miranda (Q.E.P.D.)"},"content":{"rendered":"<p>&nbsp;<\/p>\n<p>Falleci\u00f3 en Olavarr\u00eda el d\u00eda 10 febrero de 2022 a los 82 a\u00f1os de edad.<\/p>\n<p>&nbsp;<\/p>\n<p>Su hermana Rubelinda Miranda. Sus sobrinos. Sus sobrinas nietas. Su cu\u00f1ada pol\u00edtica y dem\u00e1s deudos participan de su fallecimiento.<\/p>\n<p>&nbsp;<\/p>\n<p>Velatorio: Espa\u00f1a 2942 departamento &#8221;D&#8221; 10 de febrero de 14 a 18. Responso: Capilla ardiente. Inhumaci\u00f3n: Cementerio Municipal de Olavarr\u00eda, viernes 11 a las 9:30. Servicio adherido a Coopelectric.<\/p>\n<p>&nbsp;<\/p>\n<p>Barrio en el que viv\u00eda: Procasa<\/p>\n<p>&nbsp;<\/p>\n<p>Lugar de nacimiento: Comallo-R\u00edo Negro<\/p>\n<p>&nbsp;<\/p>\n<p>Actividad que desarrollaba: Hermana religiosa de la Congregaci\u00f3n Rosarina<\/p>\n","protected":false},"excerpt":{"rendered":"<p>&nbsp; Falleci\u00f3 en Olavarr\u00eda el d\u00eda 10 febrero de 2022 a los 82 a\u00f1os de edad. &nbsp; Su hermana Rubelinda<\/p>\n","protected":false},"author":4,"featured_media":0,"comment_status":"closed","ping_status":"closed","sticky":false,"template":"","format":"standard","meta":{"_jetpack_memberships_contains_paid_content":false,"footnotes":""},"categories":[10],"tags":[],"class_list":["post-46135","post","type-post","status-publish","format-standard","hentry","category-necrologicas"],"jetpack_featured_media_url":"","jetpack_sharing_enabled":true,"_links":{"self":[{"href":"https:\/\/cdnoticias.com\/index.php\/wp-json\/wp\/v2\/posts\/46135","targetHints":{"allow":["GET"]}}],"collection":[{"href":"https:\/\/cdnoticias.com\/index.php\/wp-json\/wp\/v2\/posts"}],"about":[{"href":"https:\/\/cdnoticias.com\/index.php\/wp-json\/wp\/v2\/types\/post"}],"author":[{"embeddable":true,"href":"https:\/\/cdnoticias.com\/index.php\/wp-json\/wp\/v2\/users\/4"}],"replies":[{"embeddable":true,"href":"https:\/\/cdnoticias.com\/index.php\/wp-json\/wp\/v2\/comments?post=46135"}],"version-history":[{"count":0,"href":"https:\/\/cdnoticias.com\/index.php\/wp-json\/wp\/v2\/posts\/46135\/revisions"}],"wp:attachment":[{"href":"https:\/\/cdnoticias.com\/index.php\/wp-json\/wp\/v2\/media?parent=46135"}],"wp:term":[{"taxonomy":"category","embeddable":true,"href":"https:\/\/cdnoticias.com\/index.php\/wp-json\/wp\/v2\/categories?post=46135"},{"taxonomy":"post_tag","embeddable":true,"href":"https:\/\/cdnoticias.com\/index.php\/wp-json\/wp\/v2\/tags?post=46135"}],"curies":[{"name":"wp","href":"https:\/\/api.w.org\/{rel}","templated":true}]}}