{"id":46121,"date":"2022-02-10T09:44:43","date_gmt":"2022-02-10T12:44:43","guid":{"rendered":"https:\/\/www.centraldenoticias.com.ar\/?p=46121"},"modified":"2022-02-10T10:04:19","modified_gmt":"2022-02-10T13:04:19","slug":"el-presidente-del-polo-productivo-de-la-region-oceanica-bonaerense-ya-esta-en-olavarria","status":"publish","type":"post","link":"https:\/\/cdnoticias.com\/index.php\/2022\/02\/10\/el-presidente-del-polo-productivo-de-la-region-oceanica-bonaerense-ya-esta-en-olavarria\/","title":{"rendered":"El presidente del Polo Productivo de la Regi\u00f3n Oce\u00e1nica Bonaerense ya est\u00e1 en Olavarr\u00eda"},"content":{"rendered":"<p>Se trata de Miguel \u00c1ngel S\u00e1nchez. Este mi\u00e9rcoles se reuni\u00f3 con directivos de la Uni\u00f3n Industrial de Olavarr\u00eda.<!--more--><\/p>\n<hr \/>\n<p><strong>En la tarde del mi\u00e9rcoles el titular de la Uni\u00f3n Industrial de Olavarr\u00eda, C\u00e9sar Longo, junto a los integrantes del departamento de Parques Industriales recibieron al licenciado Miguel S\u00e1nchez, <\/strong>director del Consorcio Regional Portuario de Mar del Plata y <strong>recientemente elegido presidente del Polo Productivo de la Regi\u00f3n Oce\u00e1nica Bonaerense<\/strong>.<\/p>\n<p>&nbsp;<\/p>\n<p>Se inform\u00f3 desde la UIO que <strong>la charla se centr\u00f3 en el trabajo de la Asociaci\u00f3n de Parques Industriales Argentinos (APIA)<\/strong> -entidad que integra- y su funcionamiento; el trabajo de los puertos y su desarrollo equivalente a los parques industriales. Adem\u00e1s, <strong>se dialog\u00f3 sobre la posibilidad de establecer una Sub Zona Franca en Olavarr\u00eda<\/strong>.<\/p>\n<p>&nbsp;<\/p>\n<p>Por otra parte, se expuso acerca del <strong>funcionamiento del sector productivo de nuestra ciudad<\/strong> y el potencial que posee la zona para generar trabajo y productos variados. Asimismo, sobre la importancia para la UIO de integrar el Polo Productivo.<\/p>\n<p>&nbsp;<\/p>\n<p>Luego fue invitado a realizar una <strong>recorrida<\/strong> por los parques industriales y las empresas m\u00e1s importantes para finalizar con un paseo por el camino de los volquetes.<\/p>\n<p>&nbsp;<\/p>\n<blockquote><p>\u201cEste encuentro fue el inicio previo de la <a href=\"https:\/\/cdnoticias.com\/index.php\/2022\/02\/08\/el-polo-productivo-de-la-region-oceanica-bonaerense-se-reunira-en-olavarria\/\" target=\"_blank\" rel=\"noopener\">primera reuni\u00f3n del a\u00f1o del Polo Productivo de la Regi\u00f3n Oce\u00e1nica Bonaerense<\/a> que se llevar\u00e1 adelante este jueves en Olavarr\u00eda y de la cual formaremos parte con el resto del equipo de trabajo\u201d cerr\u00f3 la UIO.<\/p><\/blockquote>\n","protected":false},"excerpt":{"rendered":"<p>Se trata de Miguel \u00c1ngel S\u00e1nchez. Este mi\u00e9rcoles se reuni\u00f3 con directivos de la Uni\u00f3n Industrial de Olavarr\u00eda.<\/p>\n","protected":false},"author":4,"featured_media":46122,"comment_status":"closed","ping_status":"closed","sticky":false,"template":"","format":"standard","meta":{"_jetpack_memberships_contains_paid_content":false,"footnotes":""},"categories":[5,1],"tags":[],"class_list":["post-46121","post","type-post","status-publish","format-standard","has-post-thumbnail","hentry","category-informacion-general","category-portada"],"jetpack_featured_media_url":"https:\/\/i0.wp.com\/cdnoticias.com\/wp-content\/uploads\/2022\/02\/union-industrial-miguel-sanchez.jpg?fit=1280%2C960&ssl=1","jetpack_sharing_enabled":true,"_links":{"self":[{"href":"https:\/\/cdnoticias.com\/index.php\/wp-json\/wp\/v2\/posts\/46121","targetHints":{"allow":["GET"]}}],"collection":[{"href":"https:\/\/cdnoticias.com\/index.php\/wp-json\/wp\/v2\/posts"}],"about":[{"href":"https:\/\/cdnoticias.com\/index.php\/wp-json\/wp\/v2\/types\/post"}],"author":[{"embeddable":true,"href":"https:\/\/cdnoticias.com\/index.php\/wp-json\/wp\/v2\/users\/4"}],"replies":[{"embeddable":true,"href":"https:\/\/cdnoticias.com\/index.php\/wp-json\/wp\/v2\/comments?post=46121"}],"version-history":[{"count":0,"href":"https:\/\/cdnoticias.com\/index.php\/wp-json\/wp\/v2\/posts\/46121\/revisions"}],"wp:featuredmedia":[{"embeddable":true,"href":"https:\/\/cdnoticias.com\/index.php\/wp-json\/wp\/v2\/media\/46122"}],"wp:attachment":[{"href":"https:\/\/cdnoticias.com\/index.php\/wp-json\/wp\/v2\/media?parent=46121"}],"wp:term":[{"taxonomy":"category","embeddable":true,"href":"https:\/\/cdnoticias.com\/index.php\/wp-json\/wp\/v2\/categories?post=46121"},{"taxonomy":"post_tag","embeddable":true,"href":"https:\/\/cdnoticias.com\/index.php\/wp-json\/wp\/v2\/tags?post=46121"}],"curies":[{"name":"wp","href":"https:\/\/api.w.org\/{rel}","templated":true}]}}