{"id":46096,"date":"2022-02-10T11:06:26","date_gmt":"2022-02-10T14:06:26","guid":{"rendered":"https:\/\/www.centraldenoticias.com.ar\/?p=46096"},"modified":"2022-02-10T11:27:43","modified_gmt":"2022-02-10T14:27:43","slug":"indio-en-olavarria-se-postergo-el-inicio-del-juicio-oral","status":"publish","type":"post","link":"https:\/\/cdnoticias.com\/index.php\/2022\/02\/10\/indio-en-olavarria-se-postergo-el-inicio-del-juicio-oral\/","title":{"rendered":"Indio en Olavarr\u00eda: Se posterg\u00f3 el inicio del juicio oral"},"content":{"rendered":"<p>El comienzo de las audiencias estaba pautado para este jueves, pero todo deber\u00e1 esperar varias semanas. Los detalles.<!--more--><\/p>\n<hr \/>\n<p>Para el inicio de la ma\u00f1ana de este jueves estaba pautado el<a href=\"https:\/\/cdnoticias.com\/index.php\/2021\/09\/20\/indio-en-olavarria-el-juicio-oral-ya-tiene-fecha\/\" target=\"_blank\" rel=\"noopener\"> comienzo del juicio oral<\/a> por las<strong> muertes y personas heridas en el marco del recital del Indio Solari y los Fundamentalistas del Aire Acondicionado<\/strong>, que se realiz\u00f3 en la noche del 11 de marzo del 2017, en el evento que tuvo como escenario el predio rural La Colmena, sobre uno de los extremos del casco urbano local.<\/p>\n<p>&nbsp;<\/p>\n<figure id=\"attachment_8016\" aria-describedby=\"caption-attachment-8016\" style=\"width: 948px\" class=\"wp-caption alignnone\"><img data-recalc-dims=\"1\" loading=\"lazy\" decoding=\"async\" class=\"size-full wp-image-8016\" src=\"https:\/\/i0.wp.com\/cdnoticias.com\/wp-content\/uploads\/2020\/12\/1606944511.jpeg?resize=800%2C450&#038;ssl=1\" alt=\"\" width=\"800\" height=\"450\" srcset=\"https:\/\/i0.wp.com\/cdnoticias.com\/wp-content\/uploads\/2020\/12\/1606944511.jpeg?w=948&amp;ssl=1 948w, https:\/\/i0.wp.com\/cdnoticias.com\/wp-content\/uploads\/2020\/12\/1606944511.jpeg?resize=300%2C169&amp;ssl=1 300w, https:\/\/i0.wp.com\/cdnoticias.com\/wp-content\/uploads\/2020\/12\/1606944511.jpeg?resize=768%2C432&amp;ssl=1 768w\" sizes=\"auto, (max-width: 800px) 100vw, 800px\" \/><figcaption id=\"caption-attachment-8016\" class=\"wp-caption-text\">Foto Nacho Correa \/Diario El TIempo de Azul<\/figcaption><\/figure>\n<p>&nbsp;<\/p>\n<p>Fue en ese marco que se produjeron las muertes de <a href=\"https:\/\/cdnoticias.com\/index.php\/2021\/03\/11\/a-4-anos-del-recital-del-indio-duele-demasiado-pasa-el-tiempo-y-duele-mas\/\" target=\"_blank\" rel=\"noopener\">Juan Bulacio y Javier De Le\u00f3n<\/a>, a la par que 8 personas iniciaron una demanda formal por diversas lesiones sufridas tambi\u00e9n en el marco del show. Tras una larga disputa en el \u00e1mbito judicial, la causa qued\u00f3 tipificada como <strong>\u201chomicidio culposo -dos hechos-\u201d y \u201clesiones culposas -8 hechos-\u201d<\/strong>, encuadre con el que se lleg\u00f3 a la instancia de debate, para el cual fue asigando el Juzgado local en lo Correccional, que lidera la doctora Cecilia Desiata.<\/p>\n<p>&nbsp;<\/p>\n<p>Hasta all\u00ed lo m\u00e1s o menos conocido. La novedad ahora est\u00e1 dada en que, seg\u00fan logr\u00f3 conocer<em><strong> Central de Noticias<\/strong><\/em>, hubo una reprogramaci\u00f3n en un cuanto a la duraci\u00f3n del juicio lo que gener\u00f3, por un lado, que<strong> se postergue el inicio de las audiencias pero, a la par, se acorte la cantidad de las mismas.<\/strong><\/p>\n<p>&nbsp;<\/p>\n<figure id=\"attachment_8014\" aria-describedby=\"caption-attachment-8014\" style=\"width: 910px\" class=\"wp-caption alignnone\"><img data-recalc-dims=\"1\" loading=\"lazy\" decoding=\"async\" class=\"size-full wp-image-8014\" src=\"https:\/\/i0.wp.com\/cdnoticias.com\/wp-content\/uploads\/2020\/12\/1606944224.jpeg?resize=800%2C529&#038;ssl=1\" alt=\"\" width=\"800\" height=\"529\" srcset=\"https:\/\/i0.wp.com\/cdnoticias.com\/wp-content\/uploads\/2020\/12\/1606944224.jpeg?w=910&amp;ssl=1 910w, https:\/\/i0.wp.com\/cdnoticias.com\/wp-content\/uploads\/2020\/12\/1606944224.jpeg?resize=300%2C198&amp;ssl=1 300w, https:\/\/i0.wp.com\/cdnoticias.com\/wp-content\/uploads\/2020\/12\/1606944224.jpeg?resize=768%2C508&amp;ssl=1 768w\" sizes=\"auto, (max-width: 800px) 100vw, 800px\" \/><figcaption id=\"caption-attachment-8014\" class=\"wp-caption-text\">Foto Nacho Correa \/Diario El TIempo de Azul<\/figcaption><\/figure>\n<p>&nbsp;<\/p>\n<p>Seg\u00fan se agreg\u00f3, <strong>todo se posterg\u00f3 para abril, mes en el que estaban fijadas las dos \u00faltimas audiencias<\/strong>. En principio ser\u00eda en los d\u00edas 7 y 14, pero restar\u00e1 conocer si en la cercan\u00eda de la fecha se ratifican esas jornadas para su realizaci\u00f3n. Vale recordar que en un principio hab\u00edan sido 10 las audiencias programadas, todas separadas entre s\u00ed por una semana.<\/p>\n<p>&nbsp;<\/p>\n<p>Quienes llegan en calidad de acusados son los hermanos Marcos y Mat\u00edas Peuscovich, adem\u00e1s de Gustavo Zurita, todos ligados a la productora que trajo a nuestra ciudad al Indio Solari y los Fundamentalistas del Aire Acondicionado.<\/p>\n","protected":false},"excerpt":{"rendered":"<p>El comienzo de las audiencias estaba pautado para este jueves, pero todo deber\u00e1 esperar varias semanas. Los detalles.<\/p>\n","protected":false},"author":3,"featured_media":33455,"comment_status":"closed","ping_status":"closed","sticky":false,"template":"","format":"standard","meta":{"_jetpack_memberships_contains_paid_content":false,"footnotes":""},"categories":[14,1],"tags":[],"class_list":["post-46096","post","type-post","status-publish","format-standard","has-post-thumbnail","hentry","category-policiales","category-portada"],"jetpack_featured_media_url":"https:\/\/i0.wp.com\/cdnoticias.com\/wp-content\/uploads\/2021\/09\/Indio-en-Olavarr%C3%ADa.jpg?fit=1920%2C994&ssl=1","jetpack_sharing_enabled":true,"_links":{"self":[{"href":"https:\/\/cdnoticias.com\/index.php\/wp-json\/wp\/v2\/posts\/46096","targetHints":{"allow":["GET"]}}],"collection":[{"href":"https:\/\/cdnoticias.com\/index.php\/wp-json\/wp\/v2\/posts"}],"about":[{"href":"https:\/\/cdnoticias.com\/index.php\/wp-json\/wp\/v2\/types\/post"}],"author":[{"embeddable":true,"href":"https:\/\/cdnoticias.com\/index.php\/wp-json\/wp\/v2\/users\/3"}],"replies":[{"embeddable":true,"href":"https:\/\/cdnoticias.com\/index.php\/wp-json\/wp\/v2\/comments?post=46096"}],"version-history":[{"count":0,"href":"https:\/\/cdnoticias.com\/index.php\/wp-json\/wp\/v2\/posts\/46096\/revisions"}],"wp:featuredmedia":[{"embeddable":true,"href":"https:\/\/cdnoticias.com\/index.php\/wp-json\/wp\/v2\/media\/33455"}],"wp:attachment":[{"href":"https:\/\/cdnoticias.com\/index.php\/wp-json\/wp\/v2\/media?parent=46096"}],"wp:term":[{"taxonomy":"category","embeddable":true,"href":"https:\/\/cdnoticias.com\/index.php\/wp-json\/wp\/v2\/categories?post=46096"},{"taxonomy":"post_tag","embeddable":true,"href":"https:\/\/cdnoticias.com\/index.php\/wp-json\/wp\/v2\/tags?post=46096"}],"curies":[{"name":"wp","href":"https:\/\/api.w.org\/{rel}","templated":true}]}}