{"id":46082,"date":"2022-02-09T18:16:17","date_gmt":"2022-02-09T21:16:17","guid":{"rendered":"https:\/\/www.centraldenoticias.com.ar\/?p=46082"},"modified":"2022-02-10T07:28:11","modified_gmt":"2022-02-10T10:28:11","slug":"a-dos-anos-del-caso-familiares-y-amigos-de-enzo-marconi-sigue-pidiendo-justicia","status":"publish","type":"post","link":"https:\/\/cdnoticias.com\/index.php\/2022\/02\/09\/a-dos-anos-del-caso-familiares-y-amigos-de-enzo-marconi-sigue-pidiendo-justicia\/","title":{"rendered":"A dos a\u00f1os del caso, familiares y amigos de Enzo Marconi siguen pidiendo Justicia"},"content":{"rendered":"<p>Llevaron a cabo una manifestaci\u00f3n en el centro local. Exigen la detenci\u00f3n del joven condenado por el crimen del adolescente olavarriense.<!--more--><\/p>\n<hr \/>\n<p><strong>\u201cQue no haya m\u00e1s \u2018enzitos\u2019\u201d<\/strong>. Su voz flaquea cuando lo nombra. Se quiebra cuando quiere agradecer a aquellas personas que la han acompa\u00f1ado en esta pesadilla que ya lleva dos a\u00f1os. Se trata de Yesica Salguero, la madre de <strong>Enzo Marconi, el adolescente asesinado en el barrio Jard\u00edn hace exactamente dos a\u00f1os.<\/strong><\/p>\n<p>&nbsp;<\/p>\n<p><img data-recalc-dims=\"1\" loading=\"lazy\" decoding=\"async\" class=\"alignnone size-full wp-image-46084\" src=\"https:\/\/i0.wp.com\/cdnoticias.com\/wp-content\/uploads\/2022\/02\/Enzo-Marconi-02.jpg?resize=800%2C445&#038;ssl=1\" alt=\"\" width=\"800\" height=\"445\" srcset=\"https:\/\/i0.wp.com\/cdnoticias.com\/wp-content\/uploads\/2022\/02\/Enzo-Marconi-02.jpg?w=800&amp;ssl=1 800w, https:\/\/i0.wp.com\/cdnoticias.com\/wp-content\/uploads\/2022\/02\/Enzo-Marconi-02.jpg?resize=300%2C167&amp;ssl=1 300w, https:\/\/i0.wp.com\/cdnoticias.com\/wp-content\/uploads\/2022\/02\/Enzo-Marconi-02.jpg?resize=768%2C427&amp;ssl=1 768w\" sizes=\"auto, (max-width: 800px) 100vw, 800px\" \/><\/p>\n<p>&nbsp;<\/p>\n<p><strong>\u201cExigimos su aprehensi\u00f3n\u201d,<\/strong> reclam\u00f3 y dej\u00f3 en evidencia cu\u00e1l es el motivo que los moviliza, m\u00e1s all\u00e1 de mantener vivo el recuerdo de Enzo. Vale dar cuenta que a mediados de octubre del a\u00f1o pasado el Juzgado local en lo Correccional conden\u00f3 a Sebasti\u00e1n El\u00edas S\u00e1nchez a la pena de<a href=\"https:\/\/cdnoticias.com\/index.php\/2021\/10\/12\/boludo-me-pegaste-que-dice-la-sentencia-del-juicio-por-enzo-marconi\/\" target=\"_blank\" rel=\"noopener\"> 4 a\u00f1os de prisi\u00f3n, tras haberlo hallado culpable del delito de \u201chomicidio culposo\u201d<\/a>.<\/p>\n<p>&nbsp;<\/p>\n<p>No obstante, el joven a\u00fan no fue detenido ya que <strong>la sentencia no se encuentra firme debido a la apelaci\u00f3n llevada a cabo desde su defens<\/strong><strong>a<\/strong>. Ese precisamente es el reclamo del entorno de Enzo, pidiendo que el acusado lleve adelante un efectivo cumplimiento de la pena.<\/p>\n<p>&nbsp;<\/p>\n<p><img data-recalc-dims=\"1\" loading=\"lazy\" decoding=\"async\" class=\"alignnone size-full wp-image-46085\" src=\"https:\/\/i0.wp.com\/cdnoticias.com\/wp-content\/uploads\/2022\/02\/Enzo-Marconi-03.jpg?resize=800%2C445&#038;ssl=1\" alt=\"\" width=\"800\" height=\"445\" srcset=\"https:\/\/i0.wp.com\/cdnoticias.com\/wp-content\/uploads\/2022\/02\/Enzo-Marconi-03.jpg?w=800&amp;ssl=1 800w, https:\/\/i0.wp.com\/cdnoticias.com\/wp-content\/uploads\/2022\/02\/Enzo-Marconi-03.jpg?resize=300%2C167&amp;ssl=1 300w, https:\/\/i0.wp.com\/cdnoticias.com\/wp-content\/uploads\/2022\/02\/Enzo-Marconi-03.jpg?resize=768%2C427&amp;ssl=1 768w\" sizes=\"auto, (max-width: 800px) 100vw, 800px\" \/><\/p>\n<p><strong>\u201cNo estamos siendo cuidados como corresponde, exigimos justicia. Que dejen de ignorarlos, de burlarse\u201d,<\/strong> se quej\u00f3 como antesala a desarrollar una larga lista de v\u00edctimas, en las que se oyeron los nombres de personas muertas no s\u00f3lo en episodios violentos, sino tambi\u00e9n siniestros viales.<\/p>\n<p>&nbsp;<\/p>\n<p>Entre las personas presentes pudo verse a <strong>Graciela Alderete, la madre de Mara Navarro<\/strong>, uno de los cr\u00edmenes de la historia criminal local que ya lleva cerca de dos d\u00e9cadas en b\u00fasqueda de justicia.<strong> \u201cVivimos con el dolor perpetuamente y los asesinos como si no hubieran hecho nada\u201d, culmin\u00f3 Salguero, antes de iniciar un<\/strong><\/p>\n","protected":false},"excerpt":{"rendered":"<p>Llevaron a cabo una manifestaci\u00f3n en el centro local. Exigen la detenci\u00f3n del joven condenado por el crimen del adolescente<\/p>\n","protected":false},"author":3,"featured_media":46083,"comment_status":"closed","ping_status":"closed","sticky":false,"template":"","format":"standard","meta":{"_jetpack_memberships_contains_paid_content":false,"footnotes":""},"categories":[14,1],"tags":[],"class_list":["post-46082","post","type-post","status-publish","format-standard","has-post-thumbnail","hentry","category-policiales","category-portada"],"jetpack_featured_media_url":"https:\/\/i0.wp.com\/cdnoticias.com\/wp-content\/uploads\/2022\/02\/Enzo-Marconi-01.jpg?fit=800%2C445&ssl=1","jetpack_sharing_enabled":true,"_links":{"self":[{"href":"https:\/\/cdnoticias.com\/index.php\/wp-json\/wp\/v2\/posts\/46082","targetHints":{"allow":["GET"]}}],"collection":[{"href":"https:\/\/cdnoticias.com\/index.php\/wp-json\/wp\/v2\/posts"}],"about":[{"href":"https:\/\/cdnoticias.com\/index.php\/wp-json\/wp\/v2\/types\/post"}],"author":[{"embeddable":true,"href":"https:\/\/cdnoticias.com\/index.php\/wp-json\/wp\/v2\/users\/3"}],"replies":[{"embeddable":true,"href":"https:\/\/cdnoticias.com\/index.php\/wp-json\/wp\/v2\/comments?post=46082"}],"version-history":[{"count":0,"href":"https:\/\/cdnoticias.com\/index.php\/wp-json\/wp\/v2\/posts\/46082\/revisions"}],"wp:featuredmedia":[{"embeddable":true,"href":"https:\/\/cdnoticias.com\/index.php\/wp-json\/wp\/v2\/media\/46083"}],"wp:attachment":[{"href":"https:\/\/cdnoticias.com\/index.php\/wp-json\/wp\/v2\/media?parent=46082"}],"wp:term":[{"taxonomy":"category","embeddable":true,"href":"https:\/\/cdnoticias.com\/index.php\/wp-json\/wp\/v2\/categories?post=46082"},{"taxonomy":"post_tag","embeddable":true,"href":"https:\/\/cdnoticias.com\/index.php\/wp-json\/wp\/v2\/tags?post=46082"}],"curies":[{"name":"wp","href":"https:\/\/api.w.org\/{rel}","templated":true}]}}