{"id":46076,"date":"2023-12-07T22:36:50","date_gmt":"2023-12-08T01:36:50","guid":{"rendered":"https:\/\/centraldeportes.com.ar\/?p=46076"},"modified":"2025-02-12T23:22:02","modified_gmt":"2025-02-13T02:22:02","slug":"todo-listo-para-despedir-el-ano-arriba-del-ring","status":"publish","type":"post","link":"https:\/\/cdnoticias.com\/index.php\/2023\/12\/07\/todo-listo-para-despedir-el-ano-arriba-del-ring\/","title":{"rendered":"Todo listo para despedir el a\u00f1o arriba del ring"},"content":{"rendered":"<p>Matadero Box recibi\u00f3 la presentaci\u00f3n del \u00faltimo festival de boxeo del 2023 organizado por Carlos L\u00f3pez y fiscalizado por la Comisi\u00f3n Municipal de Box. Fue en la tarde del mi\u00e9rcoles con nutrida concurrencia.<!--more--><\/p>\n<hr \/>\n<p>\u201cAnte todo quiero darle las gracias a los entrenadores que apoyan esta iniciativa\u201d, dijo Carlos L\u00f3pez en la previa de oficializar el 9\u00b0 festival que tendr\u00e1 lugar desde las 21:00 en el Club El Fort\u00edn.<\/p>\n<p>&nbsp;<\/p>\n<p>El organizador de los eventos locales asegur\u00f3 que \u201cel p\u00fablico se merece un gran festival y la pelea de fondo es m\u00e1s que interesante para cerrar el 2023\u201d y tambi\u00e9n sostuvo: \u201cVa a ser un Festival de primer nivel, con la presencia de todos los que quisieron estar. Le consegu\u00ed rival a todos menos a Alexander Far\u00edas\u201d.<\/p>\n<p>&nbsp;<\/p>\n<p>La velada que significar\u00e1 el cierre del 2023 en el plano box\u00edstico local contar\u00e1, adem\u00e1s de la programaci\u00f3n habitual con m\u00e1s de una decena de peleas, la exhibici\u00f3n como despedida de Ignacio Palahy que cruzar\u00e1 guantes con Pablo Melo y Gonzalo Andreasen.<\/p>\n<p>&nbsp;<\/p>\n<p>El cierre del evento tendr\u00e1 a Karim Crucce de Las Flores ostentando su t\u00edtulo de campe\u00f3n argentino de peso pesado ante Marcelo G\u00f3mez de 25 de Mayo.<\/p>\n<p>&nbsp;<\/p>\n<p>El cronograma:<\/p>\n<p>Roc\u00edo Acosta (Olavarr\u00eda) vs Nahir Pereyra (Pinamar)<br \/>\nCarlos S\u00e1nchez (Olavarr\u00eda vs Sergio Su\u00e1rez (Las Flores)<br \/>\nSof\u00eda Olivetto (Olavarr\u00eda) vs Nidia Barrera (Las Flores)<br \/>\nLuz D\u00edaz (Benito Ju\u00e1rez) vs Sol Rodr\u00edguez (Laprida)<br \/>\nJerem\u00edas Perich\u00f3n (Olavarr\u00eda) vs Benjam\u00edn Capra (Carlos Casares)<br \/>\nMateo Chistaro (25 de Mayo) vs Federico Taverna (Las Flores)<br \/>\nTom\u00e1s Coca (Olavarr\u00eda) vs Santiago Del Grecco (Las Flores)<br \/>\nRosa Berm\u00fadez vs Gabriela Ledesma (Villa Gesell)<br \/>\nUriel Barrag\u00e1n vs Diego Ruiz (La Pampa)<br \/>\nMariana L\u00f3pez (Olavarr\u00eda) vs Cielo Urdaniz (La Pampa)<\/p>\n<p>Semifondo:<br \/>\nIsa\u00edas Olivetto (Olavarr\u00eda) vs Enzo Menna (Laprida)<\/p>\n<p>Fondo:<br \/>\nKarim Crucce (Las Flores) vs Marcelo G\u00f3mez (25 de Mayo)<\/p>\n","protected":false},"excerpt":{"rendered":"<p>Matadero Box recibi\u00f3 la presentaci\u00f3n del \u00faltimo festival de boxeo del 2023 organizado por Carlos L\u00f3pez y fiscalizado por la<\/p>\n","protected":false},"author":96739694,"featured_media":159001,"comment_status":"closed","ping_status":"closed","sticky":false,"template":"","format":"standard","meta":{"_jetpack_memberships_contains_paid_content":false,"footnotes":""},"categories":[30,1],"tags":[],"class_list":["post-46076","post","type-post","status-publish","format-standard","has-post-thumbnail","hentry","category-polideportivo","category-portada"],"jetpack_featured_media_url":"https:\/\/i0.wp.com\/cdnoticias.com\/wp-content\/uploads\/2023\/12\/WhatsApp-Image-2023-12-06-at-18.33.02.jpeg?fit=1599%2C899&ssl=1","jetpack_sharing_enabled":true,"_links":{"self":[{"href":"https:\/\/cdnoticias.com\/index.php\/wp-json\/wp\/v2\/posts\/46076","targetHints":{"allow":["GET"]}}],"collection":[{"href":"https:\/\/cdnoticias.com\/index.php\/wp-json\/wp\/v2\/posts"}],"about":[{"href":"https:\/\/cdnoticias.com\/index.php\/wp-json\/wp\/v2\/types\/post"}],"author":[{"embeddable":true,"href":"https:\/\/cdnoticias.com\/index.php\/wp-json\/wp\/v2\/users\/96739694"}],"replies":[{"embeddable":true,"href":"https:\/\/cdnoticias.com\/index.php\/wp-json\/wp\/v2\/comments?post=46076"}],"version-history":[{"count":0,"href":"https:\/\/cdnoticias.com\/index.php\/wp-json\/wp\/v2\/posts\/46076\/revisions"}],"wp:featuredmedia":[{"embeddable":true,"href":"https:\/\/cdnoticias.com\/index.php\/wp-json\/wp\/v2\/media\/159001"}],"wp:attachment":[{"href":"https:\/\/cdnoticias.com\/index.php\/wp-json\/wp\/v2\/media?parent=46076"}],"wp:term":[{"taxonomy":"category","embeddable":true,"href":"https:\/\/cdnoticias.com\/index.php\/wp-json\/wp\/v2\/categories?post=46076"},{"taxonomy":"post_tag","embeddable":true,"href":"https:\/\/cdnoticias.com\/index.php\/wp-json\/wp\/v2\/tags?post=46076"}],"curies":[{"name":"wp","href":"https:\/\/api.w.org\/{rel}","templated":true}]}}