{"id":46055,"date":"2022-02-15T16:16:16","date_gmt":"2022-02-15T19:16:16","guid":{"rendered":"https:\/\/www.centraldenoticias.com.ar\/?p=46055"},"modified":"2022-02-20T19:36:36","modified_gmt":"2022-02-20T22:36:36","slug":"dario-arauz-sobre-pelucas-solidarias-cualquier-persona-puede-aprender-no-es-necesario-ser-peluquero","status":"publish","type":"post","link":"https:\/\/cdnoticias.com\/index.php\/2022\/02\/15\/dario-arauz-sobre-pelucas-solidarias-cualquier-persona-puede-aprender-no-es-necesario-ser-peluquero\/","title":{"rendered":"Dar\u00edo Arauz sobre Pelucas Solidarias: &#8220;cualquier persona puede aprender, no es necesario ser peluquero&#8221;"},"content":{"rendered":"<p>Este 15 de febrero es el D\u00eda Internacional de la Lucha contra el C\u00e1ncer Infantil. Central de Noticias dialog\u00f3 con Dar\u00edo Arauz, integrante de Pelucas Solidarias quien nos coment\u00f3 sobre la jornada de donaci\u00f3n de pelo. <!--more--><\/p>\n<hr \/>\n<p><em>Por: Danisa Jaime\u00a0<\/em><\/p>\n<p>&nbsp;<\/p>\n<p>Este <strong>15 de febrero<\/strong> es el <strong>D\u00eda Internacional de la Lucha contra el C\u00e1ncer Infantil<\/strong> y se realizar\u00e1 una <strong>colecta de pelo en el Centro Cultural San Jos\u00e9\u00a0<\/strong>el <strong>domingo 20 de febrero<\/strong>, en el horario de<strong> 9:30 a 12:30 y de 17:00 a 21:00.<\/strong><\/p>\n<p>&nbsp;<\/p>\n<p><strong>Pelucas Solidarias,<\/strong> realizan las colectas desde <strong>septiembre del a\u00f1o pasado<\/strong>. Su<strong> primera peluca fue confeccionada en noviembre<\/strong> y desde entonces <strong>llevan 7 entregadas<\/strong> en ciudades como Olavarr\u00eda, Azul, Buenos Aires, Ca\u00f1uelas, Mar del Plata y Pinamar. En este momento tienen pedidas dos pelucas para entregar.<\/p>\n<p>&nbsp;<\/p>\n<p>&#8220;Esta <strong>campa\u00f1a tiene m\u00e1s sensibilidad<\/strong> porque el 15 de febrero es el D\u00eda internacional de la Lucha Contra el C\u00e1ncer Infantil.<strong> Todav\u00eda no nos pidieron para chicos,<\/strong> pero en el caso de que sea estamos preparados. <strong>Ser\u00eda un desaf\u00edo nuevo&#8221; <\/strong>coment\u00f3 Arauz. El <strong>cabello donado<\/strong> debe ser de una <strong>extensi\u00f3n m\u00ednima de 15 cent\u00edmetros<\/strong> y tambi\u00e9n <strong>se pueden regalar mechones.<\/strong><\/p>\n<p>&nbsp;<\/p>\n<p><img data-recalc-dims=\"1\" loading=\"lazy\" decoding=\"async\" class=\"aligncenter wp-image-46057 size-full\" src=\"https:\/\/i0.wp.com\/cdnoticias.com\/wp-content\/uploads\/2022\/02\/WhatsApp-Image-2022-02-09-at-16.03.40.jpeg?resize=720%2C720&#038;ssl=1\" alt=\"\" width=\"720\" height=\"720\" srcset=\"https:\/\/i0.wp.com\/cdnoticias.com\/wp-content\/uploads\/2022\/02\/WhatsApp-Image-2022-02-09-at-16.03.40.jpeg?w=720&amp;ssl=1 720w, https:\/\/i0.wp.com\/cdnoticias.com\/wp-content\/uploads\/2022\/02\/WhatsApp-Image-2022-02-09-at-16.03.40.jpeg?resize=300%2C300&amp;ssl=1 300w, https:\/\/i0.wp.com\/cdnoticias.com\/wp-content\/uploads\/2022\/02\/WhatsApp-Image-2022-02-09-at-16.03.40.jpeg?resize=150%2C150&amp;ssl=1 150w\" sizes=\"auto, (max-width: 720px) 100vw, 720px\" \/><\/p>\n<p>&nbsp;<\/p>\n<p>La <strong>agrupaci\u00f3n est\u00e1 integrada por m\u00e1s de 30 personas.<\/strong> Arauz explic\u00f3 que<strong> &#8220;cualquier persona puede aprender, no es necesario ser peluquero<\/strong>. Tuvimos la suerte de conocer a <strong>Brisa Godoy<\/strong> de la ciudad de Alvear que es la que<strong> nos ense\u00f1a a hacer las pelucas&#8221;<\/strong>. Adem\u00e1s, hay<strong> colegas peluqueros que tambi\u00e9n mandan mechones en apoyo a la causa.\u00a0<\/strong><\/p>\n<p>&nbsp;<\/p>\n<p>En esta campa\u00f1a espec\u00edficamente, se suma un <strong>proyecto desde una organizaci\u00f3n de La Plata<\/strong> que agrupa<strong> entidades sin fines de lucro<\/strong> y hacen una juntada de <strong>pelo a nivel nacional.<\/strong> &#8220;Hay algunas ciudades que<strong> no hacen producci\u00f3n de pelucas como ac\u00e1, pero nos facilitan ese pelo para hacerlas&#8221;<\/strong> explic\u00f3 Arauz.<\/p>\n<p>&nbsp;<\/p>\n<p>Por otra parte, Dar\u00edo a\u00f1adi\u00f3 que<strong> &#8220;pedimos permiso al Municipio quien nos habilita para participar de eventos, aunque esto es apol\u00edtico<\/strong> y de alguna a otra manera siempre se agradece. Este 20 de febrero nos habilitar\u00e1n <strong>carpas afuera con sonido <\/strong>ya que ser\u00e1<strong> una movida m\u00e1s grande&#8221;.\u00a0<\/strong><\/p>\n<p>&nbsp;<\/p>\n<p>Por \u00faltimo, para la jornada del <strong>20 de febrero se piden donaciones de hojas, l\u00e1pices, \u00fatiles y tapitas para mandar a los ni\u00f1os internados en el Hospital de Ni\u00f1os de La Plata<\/strong>. Adem\u00e1s, <strong>Pelucas Solidarias<\/strong> siempre necesita<strong> cinta de papel, el\u00e1stico, hilo poli\u00e9ster y no aceptan dinero.<\/strong> &#8220;Quien se quiera sumar<strong> siempre es bienvenido, simplemente necesitamos el tiempo de la gente&#8221;<\/strong> a\u00f1adi\u00f3 Arauz.<\/p>\n<p>&nbsp;<\/p>\n<p>&nbsp;<\/p>\n<p>&nbsp;<\/p>\n<p>&nbsp;<\/p>\n<p>&nbsp;<\/p>\n","protected":false},"excerpt":{"rendered":"<p>Este 15 de febrero es el D\u00eda Internacional de la Lucha contra el C\u00e1ncer Infantil. Central de Noticias dialog\u00f3 con<\/p>\n","protected":false},"author":6,"featured_media":46056,"comment_status":"closed","ping_status":"closed","sticky":false,"template":"","format":"standard","meta":{"_jetpack_memberships_contains_paid_content":false,"footnotes":""},"categories":[5,1],"tags":[],"class_list":["post-46055","post","type-post","status-publish","format-standard","has-post-thumbnail","hentry","category-informacion-general","category-portada"],"jetpack_featured_media_url":"https:\/\/i0.wp.com\/cdnoticias.com\/wp-content\/uploads\/2022\/02\/262980685_104176718775737_8957140447909049400_n.png?fit=1640%2C924&ssl=1","jetpack_sharing_enabled":true,"_links":{"self":[{"href":"https:\/\/cdnoticias.com\/index.php\/wp-json\/wp\/v2\/posts\/46055","targetHints":{"allow":["GET"]}}],"collection":[{"href":"https:\/\/cdnoticias.com\/index.php\/wp-json\/wp\/v2\/posts"}],"about":[{"href":"https:\/\/cdnoticias.com\/index.php\/wp-json\/wp\/v2\/types\/post"}],"author":[{"embeddable":true,"href":"https:\/\/cdnoticias.com\/index.php\/wp-json\/wp\/v2\/users\/6"}],"replies":[{"embeddable":true,"href":"https:\/\/cdnoticias.com\/index.php\/wp-json\/wp\/v2\/comments?post=46055"}],"version-history":[{"count":0,"href":"https:\/\/cdnoticias.com\/index.php\/wp-json\/wp\/v2\/posts\/46055\/revisions"}],"wp:featuredmedia":[{"embeddable":true,"href":"https:\/\/cdnoticias.com\/index.php\/wp-json\/wp\/v2\/media\/46056"}],"wp:attachment":[{"href":"https:\/\/cdnoticias.com\/index.php\/wp-json\/wp\/v2\/media?parent=46055"}],"wp:term":[{"taxonomy":"category","embeddable":true,"href":"https:\/\/cdnoticias.com\/index.php\/wp-json\/wp\/v2\/categories?post=46055"},{"taxonomy":"post_tag","embeddable":true,"href":"https:\/\/cdnoticias.com\/index.php\/wp-json\/wp\/v2\/tags?post=46055"}],"curies":[{"name":"wp","href":"https:\/\/api.w.org\/{rel}","templated":true}]}}