{"id":46052,"date":"2022-02-10T09:23:53","date_gmt":"2022-02-10T12:23:53","guid":{"rendered":"https:\/\/www.centraldenoticias.com.ar\/?p=46052"},"modified":"2022-02-10T13:09:47","modified_gmt":"2022-02-10T16:09:47","slug":"llamado-a-seleccion-docente-para-nueve-espacios-curriculares-de-la-enape","status":"publish","type":"post","link":"https:\/\/cdnoticias.com\/index.php\/2022\/02\/10\/llamado-a-seleccion-docente-para-nueve-espacios-curriculares-de-la-enape\/","title":{"rendered":"Llamado a selecci\u00f3n docente para nueve Espacios Curriculares de la Enape"},"content":{"rendered":"<p>Se podr\u00e1n inscribir profesoras y profesores en la orientaci\u00f3n Econom\u00eda y Administraci\u00f3n.<!--more--><\/p>\n<hr \/>\n<p>&nbsp;<\/p>\n<p>La<strong> Escuela Nacional Adolfo P\u00e9rez Esquivel<\/strong> de la Universidad Nacional del centro de la Provincia de Buenos Aires llam\u00f3 a <strong>selecci\u00f3n de docentes para cubrir cargos de profesores, espacios curriculares de orientaci\u00f3n, y econom\u00eda y administraci\u00f3n.<\/strong> Los a\u00f1os ser\u00e1n<strong> 4\u00ba, 5\u00ba y 6\u00ba<\/strong> con una <strong>carga horaria de 2 horas.\u00a0<\/strong><\/p>\n<p>&nbsp;<\/p>\n<p>Se busca<strong> cubrir la orientaci\u00f3n Econom\u00eda y Administraci\u00f3n<\/strong> y dentro de los<strong> espacios curriculares de orientaci\u00f3n se encuentran:<\/strong> introducci\u00f3n a las organizaciones y su gesti\u00f3n, organizaci\u00f3n y gesti\u00f3n industrial, sistemas de informaci\u00f3n administrativa y contable, gesti\u00f3n de recursos energ\u00e9ticos en organizaciones productivas, gesti\u00f3n de materiales en organizaciones productivas, gesti\u00f3n de industrias agroalimentarias, econom\u00eda y derecho laboral, emprendedorismo y sistema de control en las organizaciones.<\/p>\n<p>&nbsp;<\/p>\n<p><strong>Las funciones docente generales a cumplir son las siguientes:<\/strong><\/p>\n<ul>\n<li>Planificar el desarrollo del Curso en el que se desempe\u00f1e, a partir de los lineamientos del Departamento al que pertenezca, preparando y responsabiliz\u00e1ndose por las actividades acad\u00e9micas que se lleven a cabo en ese \u00e1mbito.<\/li>\n<li>Atender a la adecuaci\u00f3n de los contenidos de su Curso, a las caracter\u00edsticas de la modalidad en general y de los alumnos en particular.<\/li>\n<li>Trabajar en forma conjunta y coordinada con sus pares.<\/li>\n<li>Informar sobre el desempe\u00f1o de los alumnos cuando las autoridades lo soliciten.<\/li>\n<li>Recibir a profesores pasantes y colaborar en los aspectos de la pasant\u00eda que le sean requeridos.<\/li>\n<li>Colaborar con el Jefe de Departamento en las acciones que demanden.<\/li>\n<\/ul>\n<p>&nbsp;<\/p>\n<p>Consultar el PCI, <strong>funciones espec\u00edficas, requisitos, bases y toda la informaci\u00f3n<\/strong> necesaria en link a la documentaci\u00f3n: https:\/\/drive.google.com\/drive\/folders\/1l7dTpN0th_DLilgPD63139kW6tUwket8<\/p>\n<p>&nbsp;<\/p>\n<p>En caso de querer contar con informaci\u00f3n general de la ENAPE se puede visitar <strong>el sitio web de la Escuela Nacional Adolfo P\u00e9rez Esquivel<\/strong> (UNCPBA) <a href=\"http:\/\/www.enape.unicen.edu.ar\/?fbclid=IwAR1Zo81yA3Q9Qtluk8mQiUXEdXphSdejLdSlYu9D42BfmDAH_KmbKktYN2g\">http:\/\/www.enape.unicen.edu.ar\/<\/a><\/p>\n<p><strong>\u00a0<\/strong><\/p>\n<p>Las fechas de<strong> inicio y cierre de inscripci\u00f3n<\/strong> van desde el <strong>9 de marzo de 2022 al 30 de marzo a las 12:00.<\/strong><\/p>\n<p>&nbsp;<\/p>\n","protected":false},"excerpt":{"rendered":"<p>Se podr\u00e1n inscribir profesoras y profesores en la orientaci\u00f3n Econom\u00eda y Administraci\u00f3n.<\/p>\n","protected":false},"author":6,"featured_media":46054,"comment_status":"closed","ping_status":"closed","sticky":false,"template":"","format":"standard","meta":{"_jetpack_memberships_contains_paid_content":false,"footnotes":""},"categories":[5,1],"tags":[],"class_list":["post-46052","post","type-post","status-publish","format-standard","has-post-thumbnail","hentry","category-informacion-general","category-portada"],"jetpack_featured_media_url":"https:\/\/i0.wp.com\/cdnoticias.com\/wp-content\/uploads\/2022\/02\/enape.jpg?fit=1600%2C1200&ssl=1","jetpack_sharing_enabled":true,"_links":{"self":[{"href":"https:\/\/cdnoticias.com\/index.php\/wp-json\/wp\/v2\/posts\/46052","targetHints":{"allow":["GET"]}}],"collection":[{"href":"https:\/\/cdnoticias.com\/index.php\/wp-json\/wp\/v2\/posts"}],"about":[{"href":"https:\/\/cdnoticias.com\/index.php\/wp-json\/wp\/v2\/types\/post"}],"author":[{"embeddable":true,"href":"https:\/\/cdnoticias.com\/index.php\/wp-json\/wp\/v2\/users\/6"}],"replies":[{"embeddable":true,"href":"https:\/\/cdnoticias.com\/index.php\/wp-json\/wp\/v2\/comments?post=46052"}],"version-history":[{"count":0,"href":"https:\/\/cdnoticias.com\/index.php\/wp-json\/wp\/v2\/posts\/46052\/revisions"}],"wp:featuredmedia":[{"embeddable":true,"href":"https:\/\/cdnoticias.com\/index.php\/wp-json\/wp\/v2\/media\/46054"}],"wp:attachment":[{"href":"https:\/\/cdnoticias.com\/index.php\/wp-json\/wp\/v2\/media?parent=46052"}],"wp:term":[{"taxonomy":"category","embeddable":true,"href":"https:\/\/cdnoticias.com\/index.php\/wp-json\/wp\/v2\/categories?post=46052"},{"taxonomy":"post_tag","embeddable":true,"href":"https:\/\/cdnoticias.com\/index.php\/wp-json\/wp\/v2\/tags?post=46052"}],"curies":[{"name":"wp","href":"https:\/\/api.w.org\/{rel}","templated":true}]}}