{"id":46041,"date":"2022-02-09T17:49:13","date_gmt":"2022-02-09T20:49:13","guid":{"rendered":"https:\/\/www.centraldenoticias.com.ar\/?p=46041"},"modified":"2022-02-09T17:49:13","modified_gmt":"2022-02-09T20:49:13","slug":"este-miercoles-es-el-dia-internacional-de-la-pizza-y-hay-festejo-local","status":"publish","type":"post","link":"https:\/\/cdnoticias.com\/index.php\/2022\/02\/09\/este-miercoles-es-el-dia-internacional-de-la-pizza-y-hay-festejo-local\/","title":{"rendered":"Este mi\u00e9rcoles es el D\u00eda Internacional de la Pizza y hay festejo local"},"content":{"rendered":"<p>Establecimientos gastron\u00f3micos de Olavarr\u00eda adhieren a la jornada. Durante esta semana ofrecer\u00e1n diferentes propuestas.<!--more--><\/p>\n<hr \/>\n<p><strong>Este mi\u00e9rcoles, 9 de febrero, se celebra el D\u00eda Mundial de la Pizza<\/strong>, motivo por el cual, desde la Secretar\u00eda de Desarrollo Econ\u00f3mico del Municipio y <strong>en el marco del Programa Olavarriense<\/strong> se inform\u00f3 que diferentes establecimientos de la ciudad que comercializan este producto se han sumado a la iniciativa.<\/p>\n<p>&nbsp;<\/p>\n<p>Con ello, <strong>pizzer\u00edas, delivery, restaurantes y bares<\/strong> durante esta semana ofrecer\u00e1n diferentes propuestas.<\/p>\n<p>&nbsp;<\/p>\n<p>Para conocer los establecimientos adheridos, <strong>se podr\u00e1 acceder al cat\u00e1logo ubicado en el sitio web oficial del Municipio, <a href=\"https:\/\/invertir.olavarria.gov.ar\/servicios\/olavarriense\/catalogos\/catalogo-comercios\/\" target=\"_blank\" rel=\"noopener\">dentro del el bot\u00f3n de \u201cOlavarriense\u201d<\/a><\/strong>. Tambi\u00e9n estar\u00e1 disponible en la Bio del Instagram de Desarrollo Econ\u00f3mico Olavarr\u00eda.<\/p>\n<p>&nbsp;<\/p>\n<blockquote><p>\u201cEl objetivo es promocionar a los establecimientos y de esta manera, incrementar la afluencia, sorprender con nuevos sabores, captar nuevos clientes y mostrar la personalidad de cada local\u201d se destac\u00f3 desde la Secretar\u00eda.<\/p><\/blockquote>\n<p>&nbsp;<\/p>\n<p>La pizza es <strong>una de las comidas m\u00e1s consumidas en todo el mundo<\/strong> y que a todos les gusta, debido a la diversidad de ingredientes con los que puede ser servida.<\/p>\n<p>&nbsp;<\/p>\n<p>En el a\u00f1o 2017 <strong>la pizza fue declarada Patrimonio Inmaterial de la Humanidad<\/strong> por la UNESCO, debido a su rol en la vida social y la transmisi\u00f3n de este arte culinario entre generaciones.<\/p>\n<p>&nbsp;<\/p>\n<p>La pizza, como se conoce actualmente, se origin\u00f3 en N\u00e1poles, Italia. Anteriormente las personas que habitaban en los alrededores de N\u00e1poles agregaban tomate a un pan plano elaborado a base de levadura. El D\u00eda Internacional que la homenajea comenz\u00f3 a celebrarse el 9 de febrero, en N\u00e1poles, en el siglo X y corresponde al d\u00eda en que se cre\u00f3 la receta de la pizza.<\/p>\n","protected":false},"excerpt":{"rendered":"<p>Establecimientos gastron\u00f3micos de Olavarr\u00eda adhieren a la jornada. Durante esta semana ofrecer\u00e1n diferentes propuestas.<\/p>\n","protected":false},"author":4,"featured_media":46042,"comment_status":"closed","ping_status":"closed","sticky":false,"template":"","format":"standard","meta":{"_jetpack_memberships_contains_paid_content":false,"footnotes":""},"categories":[5,1],"tags":[],"class_list":["post-46041","post","type-post","status-publish","format-standard","has-post-thumbnail","hentry","category-informacion-general","category-portada"],"jetpack_featured_media_url":"https:\/\/i0.wp.com\/cdnoticias.com\/wp-content\/uploads\/2022\/02\/DE-Dia-pizza-1024x683-1.jpg?fit=1024%2C683&ssl=1","jetpack_sharing_enabled":true,"_links":{"self":[{"href":"https:\/\/cdnoticias.com\/index.php\/wp-json\/wp\/v2\/posts\/46041","targetHints":{"allow":["GET"]}}],"collection":[{"href":"https:\/\/cdnoticias.com\/index.php\/wp-json\/wp\/v2\/posts"}],"about":[{"href":"https:\/\/cdnoticias.com\/index.php\/wp-json\/wp\/v2\/types\/post"}],"author":[{"embeddable":true,"href":"https:\/\/cdnoticias.com\/index.php\/wp-json\/wp\/v2\/users\/4"}],"replies":[{"embeddable":true,"href":"https:\/\/cdnoticias.com\/index.php\/wp-json\/wp\/v2\/comments?post=46041"}],"version-history":[{"count":0,"href":"https:\/\/cdnoticias.com\/index.php\/wp-json\/wp\/v2\/posts\/46041\/revisions"}],"wp:featuredmedia":[{"embeddable":true,"href":"https:\/\/cdnoticias.com\/index.php\/wp-json\/wp\/v2\/media\/46042"}],"wp:attachment":[{"href":"https:\/\/cdnoticias.com\/index.php\/wp-json\/wp\/v2\/media?parent=46041"}],"wp:term":[{"taxonomy":"category","embeddable":true,"href":"https:\/\/cdnoticias.com\/index.php\/wp-json\/wp\/v2\/categories?post=46041"},{"taxonomy":"post_tag","embeddable":true,"href":"https:\/\/cdnoticias.com\/index.php\/wp-json\/wp\/v2\/tags?post=46041"}],"curies":[{"name":"wp","href":"https:\/\/api.w.org\/{rel}","templated":true}]}}