{"id":46013,"date":"2022-02-09T10:43:35","date_gmt":"2022-02-09T13:43:35","guid":{"rendered":"https:\/\/www.centraldenoticias.com.ar\/?p=46013"},"modified":"2022-02-09T10:46:16","modified_gmt":"2022-02-09T13:46:16","slug":"campana-de-vacunacion-este-miercoles-habra-una-posta-itinerante-en-sierra-chica","status":"publish","type":"post","link":"https:\/\/cdnoticias.com\/index.php\/2022\/02\/09\/campana-de-vacunacion-este-miercoles-habra-una-posta-itinerante-en-sierra-chica\/","title":{"rendered":"Campa\u00f1a de vacunaci\u00f3n: este mi\u00e9rcoles habr\u00e1 una posta itinerante en Sierra Chica"},"content":{"rendered":"<p>El martes se aplicaron casi 600 dosis en Olavarr\u00eda. La mayor\u00eda fueron terceras dosis.<!--more--><\/p>\n<hr \/>\n<p><strong>Este mi\u00e9rcoles comienza su recorrido la posta itinerante de vacunaci\u00f3n contra el Covid en la Plaza La Tecla de la localidad de Sierra Chica, en el horario de 10 a 14<\/strong>. Se inocular\u00e1 con primeras, segundas y de terceras dosis a vecinas y vecinos de la localidad.<\/p>\n<p>&nbsp;<\/p>\n<p>En la jornada del martes se aplicaron 88 vacunas contra el Covid-19 a ni\u00f1os y ni\u00f1as de 3 a 17 a\u00f1os, y 435 terceras dosis sobre<strong> un total de 575 aplicaciones<\/strong>, distribuidas de la siguiente manera: en la Facultad de Ciencias de la Salud se inocularon 420 personas, y en el Servicio Territorial N\u00b02 se aplicaron 155 dosis.<\/p>\n<p>&nbsp;<\/p>\n<p>Tambi\u00e9n se lleva adelante la <strong>vacunaci\u00f3n libre de terceras dosis<\/strong> para todas las personas mayores de 50 a\u00f1os y para las y los trabajadores de la educaci\u00f3n de todos los niveles educativos y contin\u00faa la inoculaci\u00f3n libre de primeras y segundas dosis para mayores de 3 a\u00f1os, ya sean argentinas, argentinos y turistas extranjeros, y la aplicaci\u00f3n libre de terceras dosis para inmunodeprimidos, personal de seguridad, personas gestantes o en periodo de lactancia.<\/p>\n<p>&nbsp;<\/p>\n<p><img data-recalc-dims=\"1\" loading=\"lazy\" decoding=\"async\" class=\"size-large wp-image-46015 aligncenter\" src=\"https:\/\/i0.wp.com\/cdnoticias.com\/wp-content\/uploads\/2022\/02\/vacunacion-provincia.jpeg?resize=800%2C450&#038;ssl=1\" alt=\"\" width=\"800\" height=\"450\" srcset=\"https:\/\/i0.wp.com\/cdnoticias.com\/wp-content\/uploads\/2022\/02\/vacunacion-provincia.jpeg?resize=1024%2C576&amp;ssl=1 1024w, https:\/\/i0.wp.com\/cdnoticias.com\/wp-content\/uploads\/2022\/02\/vacunacion-provincia.jpeg?resize=300%2C169&amp;ssl=1 300w, https:\/\/i0.wp.com\/cdnoticias.com\/wp-content\/uploads\/2022\/02\/vacunacion-provincia.jpeg?resize=768%2C432&amp;ssl=1 768w, https:\/\/i0.wp.com\/cdnoticias.com\/wp-content\/uploads\/2022\/02\/vacunacion-provincia.jpeg?w=1280&amp;ssl=1 1280w\" sizes=\"auto, (max-width: 800px) 100vw, 800px\" \/><\/p>\n<p>&nbsp;<\/p>\n<p>Adem\u00e1s, contin\u00faa vigente la <strong>implementaci\u00f3n del Pase Libre con Vacuna<\/strong> en la provincia de Buenos Aires. Los responsables de actividades con alta concurrencia deber\u00e1n solicitar el certificado de vacunaci\u00f3n. Es el requisito de al menos dos dosis de la vacuna contra el Covid-19 si ten\u00e9s m\u00e1s de 13 a\u00f1os para poder asistir a algunas actividades en la provincia de Buenos Aires que pueden presentar mayor riesgo epidemiol\u00f3gico. No obstante, hasta el 28 de febrero si una persona tiene la primera dosis y no se cumpli\u00f3 el tiempo m\u00ednimo interdosis (seis semanas), tambi\u00e9n puede acreditar el pase libre.<\/p>\n<p>&nbsp;<\/p>\n<p>Cualquier duda o consulta, podr\u00e1n acercarse a cualquiera de las dos postas: Servicio Territorial N\u00b02, Av. Alberdi 2543, de 8 a 18 hs y en la Facultad de Ciencias de la Salud, Merlo entre Av. Pringles y 9 de Julio, de 8 a 18 hs.<\/p>\n<p>&nbsp;<\/p>\n<p>Contin\u00faan las actividades preventivas en el Centro Provincial de Testeos que funciona en el gimnasio del Club El Fort\u00edn (Pellegrini y Hornos, acceso por calle Hornos), de lunes a viernes de 7 a 12 hs, destinadas a mayores de 60, personas de riego o embarazadas.<\/p>\n","protected":false},"excerpt":{"rendered":"<p>El martes se aplicaron casi 600 dosis en Olavarr\u00eda. La mayor\u00eda fueron terceras dosis.<\/p>\n","protected":false},"author":4,"featured_media":45544,"comment_status":"closed","ping_status":"closed","sticky":false,"template":"","format":"standard","meta":{"_jetpack_memberships_contains_paid_content":false,"footnotes":""},"categories":[16,1],"tags":[],"class_list":["post-46013","post","type-post","status-publish","format-standard","has-post-thumbnail","hentry","category-covid-19","category-portada"],"jetpack_featured_media_url":"https:\/\/i0.wp.com\/cdnoticias.com\/wp-content\/uploads\/2022\/02\/vacuna-barrio-aoma-02.jpg?fit=800%2C445&ssl=1","jetpack_sharing_enabled":true,"_links":{"self":[{"href":"https:\/\/cdnoticias.com\/index.php\/wp-json\/wp\/v2\/posts\/46013","targetHints":{"allow":["GET"]}}],"collection":[{"href":"https:\/\/cdnoticias.com\/index.php\/wp-json\/wp\/v2\/posts"}],"about":[{"href":"https:\/\/cdnoticias.com\/index.php\/wp-json\/wp\/v2\/types\/post"}],"author":[{"embeddable":true,"href":"https:\/\/cdnoticias.com\/index.php\/wp-json\/wp\/v2\/users\/4"}],"replies":[{"embeddable":true,"href":"https:\/\/cdnoticias.com\/index.php\/wp-json\/wp\/v2\/comments?post=46013"}],"version-history":[{"count":0,"href":"https:\/\/cdnoticias.com\/index.php\/wp-json\/wp\/v2\/posts\/46013\/revisions"}],"wp:featuredmedia":[{"embeddable":true,"href":"https:\/\/cdnoticias.com\/index.php\/wp-json\/wp\/v2\/media\/45544"}],"wp:attachment":[{"href":"https:\/\/cdnoticias.com\/index.php\/wp-json\/wp\/v2\/media?parent=46013"}],"wp:term":[{"taxonomy":"category","embeddable":true,"href":"https:\/\/cdnoticias.com\/index.php\/wp-json\/wp\/v2\/categories?post=46013"},{"taxonomy":"post_tag","embeddable":true,"href":"https:\/\/cdnoticias.com\/index.php\/wp-json\/wp\/v2\/tags?post=46013"}],"curies":[{"name":"wp","href":"https:\/\/api.w.org\/{rel}","templated":true}]}}