{"id":45994,"date":"2022-02-08T17:51:07","date_gmt":"2022-02-08T20:51:07","guid":{"rendered":"https:\/\/www.centraldenoticias.com.ar\/?p=45994"},"modified":"2022-02-08T17:51:07","modified_gmt":"2022-02-08T20:51:07","slug":"identificaron-a-la-victima-fatal-del-cuadruple-choque-en-la-ruta-nacional-3","status":"publish","type":"post","link":"https:\/\/cdnoticias.com\/index.php\/2022\/02\/08\/identificaron-a-la-victima-fatal-del-cuadruple-choque-en-la-ruta-nacional-3\/","title":{"rendered":"Identificaron a la v\u00edctima fatal del cu\u00e1druple choque en la Ruta Nacional 3"},"content":{"rendered":"<p>Se trat\u00f3 de un transportista de Las Flores, de 27 a\u00f1os. En el siniestro se vieron implicados tres camiones y un auto.<!--more--><\/p>\n<hr \/>\n<p>En la madrugada de este martes otro <a href=\"https:\/\/cdnoticias.com\/index.php\/2022\/02\/08\/impactante-y-tragico-accidente-en-ruta-nacional-n3-un-muerto-y-heridos-graves\/\" target=\"_blank\" rel=\"noopener\">siniestro vial con muertes tuvo como escenario la Ruta Nacional 3<\/a>, la misma que desde hace a\u00f1os es objeto de todo tipo de promesas en cuanto a la construcci\u00f3n de una autov\u00eda para el tramo que une las ciudades de Las Flores y Azul. <strong>El saldo fue el fallecimiento de un joven y graves heridas en otras tres personas, que permanecen internadas.<\/strong><\/p>\n<p>&nbsp;<\/p>\n<p>La novedad ahora est\u00e1 dada en la identificaci\u00f3n de la v\u00edctima fatal. Se trat\u00f3 de <strong>un transportista de 27 a\u00f1os, identificado como Jonathan Ramos y con domicilio en Las Flores<\/strong>. El joven guiaba un cami\u00f3n Mercedes Benz, que en condiciones que son materia de estudio se vio implicado en un siniestro que tambi\u00e9n protagonizaron otros dos camiones y un Volkswagen Bora, con dominio radicado en la Ciudad Aut\u00f3noma de Buenos Aires.<\/p>\n<p>&nbsp;<\/p>\n<p><strong>Sucedi\u00f3 alrededor de las 6 sobre el kil\u00f3metro 164, en la denomina curva El Despunte<\/strong>. Sobre las personas heridas se agreg\u00f3 que tienen domicilio tambi\u00e9n en Las Flores y en la ciudad de Las Heras. Trascendi\u00f3 que sufrieron heridas de consideraci\u00f3n y permanecen en el Hospital Municipal florense.<\/p>\n<p>&nbsp;<\/p>\n<p><em>Foto y fuente Noticias Las Flores<\/em><\/p>\n","protected":false},"excerpt":{"rendered":"<p>Se trat\u00f3 de un transportista de Las Flores, de 27 a\u00f1os. En el siniestro se vieron implicados tres camiones y<\/p>\n","protected":false},"author":3,"featured_media":45995,"comment_status":"closed","ping_status":"closed","sticky":false,"template":"","format":"standard","meta":{"_jetpack_memberships_contains_paid_content":false,"footnotes":""},"categories":[14,1],"tags":[],"class_list":["post-45994","post","type-post","status-publish","format-standard","has-post-thumbnail","hentry","category-policiales","category-portada"],"jetpack_featured_media_url":"https:\/\/i0.wp.com\/cdnoticias.com\/wp-content\/uploads\/2022\/02\/1-1200x675-1.jpg?fit=1200%2C675&ssl=1","jetpack_sharing_enabled":true,"_links":{"self":[{"href":"https:\/\/cdnoticias.com\/index.php\/wp-json\/wp\/v2\/posts\/45994","targetHints":{"allow":["GET"]}}],"collection":[{"href":"https:\/\/cdnoticias.com\/index.php\/wp-json\/wp\/v2\/posts"}],"about":[{"href":"https:\/\/cdnoticias.com\/index.php\/wp-json\/wp\/v2\/types\/post"}],"author":[{"embeddable":true,"href":"https:\/\/cdnoticias.com\/index.php\/wp-json\/wp\/v2\/users\/3"}],"replies":[{"embeddable":true,"href":"https:\/\/cdnoticias.com\/index.php\/wp-json\/wp\/v2\/comments?post=45994"}],"version-history":[{"count":0,"href":"https:\/\/cdnoticias.com\/index.php\/wp-json\/wp\/v2\/posts\/45994\/revisions"}],"wp:featuredmedia":[{"embeddable":true,"href":"https:\/\/cdnoticias.com\/index.php\/wp-json\/wp\/v2\/media\/45995"}],"wp:attachment":[{"href":"https:\/\/cdnoticias.com\/index.php\/wp-json\/wp\/v2\/media?parent=45994"}],"wp:term":[{"taxonomy":"category","embeddable":true,"href":"https:\/\/cdnoticias.com\/index.php\/wp-json\/wp\/v2\/categories?post=45994"},{"taxonomy":"post_tag","embeddable":true,"href":"https:\/\/cdnoticias.com\/index.php\/wp-json\/wp\/v2\/tags?post=45994"}],"curies":[{"name":"wp","href":"https:\/\/api.w.org\/{rel}","templated":true}]}}