{"id":45985,"date":"2022-02-08T18:20:30","date_gmt":"2022-02-08T21:20:30","guid":{"rendered":"https:\/\/www.centraldenoticias.com.ar\/?p=45985"},"modified":"2022-02-09T08:15:15","modified_gmt":"2022-02-09T11:15:15","slug":"mas-de-4-anos-de-prision-para-un-olavarriense-acusado-de-venta-de-drogas","status":"publish","type":"post","link":"https:\/\/cdnoticias.com\/index.php\/2022\/02\/08\/mas-de-4-anos-de-prision-para-un-olavarriense-acusado-de-venta-de-drogas\/","title":{"rendered":"M\u00e1s de 4 a\u00f1os de prisi\u00f3n para un olavarriense acusado de venta de drogas"},"content":{"rendered":"<p>Se trata de un olavarriense de 38 a\u00f1os, quien fue allanado a mediados del 2019. El fallo se conoci\u00f3 en las \u00faltimas horas, tras un juicio abreviado.<!--more--><\/p>\n<hr \/>\n<p>En las \u00faltimas horas el Tribunal Oral en lo Criminal N\u00b0 2 del Departamento Judicial de Azul, integrado en forma unipersonal por la se\u00f1ora jueza In\u00e9s Hayd\u00e9e Olmedo, conden\u00f3 a <strong>un olavarriense de 38 a\u00f1os, quien se hallaba acusado por el delito de \u201ctenencia ilegitima de estupefacientes con fines de comercializaci\u00f3n en dosis fraccionadas destinadas directamente al consumidor\u201d.<\/strong><\/p>\n<p>&nbsp;<\/p>\n<p>De acuerdo con lo que se logr\u00f3 conocer, la resoluci\u00f3n de la causa fue a partir de la <strong>realizaci\u00f3n de un juicio abreviado<\/strong>, tal como acord\u00f3 la querella liderada por el fiscal en estupefacientes Lucas Moyano y el defensor oficial Gustavo Emiliozzi.<\/p>\n<p>&nbsp;<\/p>\n<p>Todo se desprende de un<strong> allanamiento realizado a inicios de agosto del 2019 en una vivienda ubicada sobre Santa Fe al 1900<\/strong>, lugar donde se incautaron diversas dosis de coca\u00edna y marihuana, adem\u00e1s de una suma de dinero cercana a las 9 mil pesos.<\/p>\n<p>&nbsp;<\/p>\n<p>Asimismo, los principales elementos se desprenden del <strong>an\u00e1lisis de los 8 tel\u00e9fonos celulares<\/strong> secuestrados en ese mismo domicilio. Las pericias sobre el contenido de las comunicaciones resultaron claves para establecer la comercializaci\u00f3n. Fue por ello que el olavarriense, identificado como Bruno Eliseo Alfonzo, fue condenado a la<strong> pena de 4 a\u00f1os y 4 meses de prisi\u00f3n.<\/strong><\/p>\n<p>&nbsp;<\/p>\n<p><em>Fuente Diario El Tiempo de Azul<\/em><\/p>\n","protected":false},"excerpt":{"rendered":"<p>Se trata de un olavarriense de 38 a\u00f1os, quien fue allanado a mediados del 2019. El fallo se conoci\u00f3 en<\/p>\n","protected":false},"author":3,"featured_media":12885,"comment_status":"closed","ping_status":"closed","sticky":false,"template":"","format":"standard","meta":{"_jetpack_memberships_contains_paid_content":false,"footnotes":""},"categories":[14,1],"tags":[],"class_list":["post-45985","post","type-post","status-publish","format-standard","has-post-thumbnail","hentry","category-policiales","category-portada"],"jetpack_featured_media_url":"https:\/\/i0.wp.com\/cdnoticias.com\/wp-content\/uploads\/2021\/02\/tribunales-e1748092128270.jpg?fit=791%2C417&ssl=1","jetpack_sharing_enabled":true,"_links":{"self":[{"href":"https:\/\/cdnoticias.com\/index.php\/wp-json\/wp\/v2\/posts\/45985","targetHints":{"allow":["GET"]}}],"collection":[{"href":"https:\/\/cdnoticias.com\/index.php\/wp-json\/wp\/v2\/posts"}],"about":[{"href":"https:\/\/cdnoticias.com\/index.php\/wp-json\/wp\/v2\/types\/post"}],"author":[{"embeddable":true,"href":"https:\/\/cdnoticias.com\/index.php\/wp-json\/wp\/v2\/users\/3"}],"replies":[{"embeddable":true,"href":"https:\/\/cdnoticias.com\/index.php\/wp-json\/wp\/v2\/comments?post=45985"}],"version-history":[{"count":0,"href":"https:\/\/cdnoticias.com\/index.php\/wp-json\/wp\/v2\/posts\/45985\/revisions"}],"wp:featuredmedia":[{"embeddable":true,"href":"https:\/\/cdnoticias.com\/index.php\/wp-json\/wp\/v2\/media\/12885"}],"wp:attachment":[{"href":"https:\/\/cdnoticias.com\/index.php\/wp-json\/wp\/v2\/media?parent=45985"}],"wp:term":[{"taxonomy":"category","embeddable":true,"href":"https:\/\/cdnoticias.com\/index.php\/wp-json\/wp\/v2\/categories?post=45985"},{"taxonomy":"post_tag","embeddable":true,"href":"https:\/\/cdnoticias.com\/index.php\/wp-json\/wp\/v2\/tags?post=45985"}],"curies":[{"name":"wp","href":"https:\/\/api.w.org\/{rel}","templated":true}]}}