{"id":45967,"date":"2022-02-13T20:06:41","date_gmt":"2022-02-13T23:06:41","guid":{"rendered":"https:\/\/www.centraldenoticias.com.ar\/?p=45967"},"modified":"2022-02-20T19:37:06","modified_gmt":"2022-02-20T22:37:06","slug":"andrea-fernandez-vemos-crecer-a-los-chicos-y-nos-damos-por-satisfechos-y-agradecidos","status":"publish","type":"post","link":"https:\/\/cdnoticias.com\/index.php\/2022\/02\/13\/andrea-fernandez-vemos-crecer-a-los-chicos-y-nos-damos-por-satisfechos-y-agradecidos\/","title":{"rendered":"Andrea Fern\u00e1ndez: &#8220;vemos crecer a los chicos y nos damos por satisfechos y agradecidos&#8221;"},"content":{"rendered":"<p>La Biblioteca Del Otro Lado del \u00c1rbol cumple 10 a\u00f1os el pr\u00f3ximo 9 de abril. Central de Noticias dialog\u00f3 con una de las referentes del espacio quien nos cont\u00f3 todos los detalles del evento y c\u00f3mo podemos ayudar. <!--more--><\/p>\n<hr \/>\n<p><em>Por: Danisa Jaime<\/em><\/p>\n<p>&nbsp;<\/p>\n<p>La<strong> Biblioteca Del Otro Lado del \u00c1rbol<\/strong> naci\u00f3 en<strong> La Plata<\/strong> frente del <strong>Hospital de Ni\u00f1os,<\/strong> inspirada en <strong>Pilar,<\/strong> una ni\u00f1a de cinco a\u00f1os que falleci\u00f3 de c\u00e1ncer. <strong>Su madre la cre\u00f3 en 2011 en homenaje a su hija<\/strong> y luego <strong>se sumaron varias sedes<\/strong> en otras ciudades entre ellas, una en Olavarr\u00eda.<\/p>\n<p>&nbsp;<\/p>\n<p>La <strong>sede de Olavarr\u00eda cumple 10 a\u00f1os el pr\u00f3ximo s\u00e1bado 9 de abril.<\/strong> Se encuentra en el<strong> Parque Helios Eseverri<\/strong> y <strong>proponen actividades<\/strong> desde cuentos, m\u00fasica, t\u00edteres, pl\u00e1stica, danza, espect\u00e1culos de payasos, magia, acrobacia y murgas destinadas a ni\u00f1os y adultos. La sede de La Plata festej\u00f3 el a\u00f1o pasado los 10 a\u00f1os. <strong>Este a\u00f1o es el turno de la sede de Bol\u00edvar y Olavarr\u00eda.<\/strong><\/p>\n<p>&nbsp;<\/p>\n<p><strong>Andrea Fern\u00e1ndez,<\/strong> integrante de la <strong>sede local<\/strong> dialog\u00f3 con<strong><em> Central de Noticias<\/em> <\/strong>acerca del pr\u00f3ximo festejo que se har\u00e1 en el <strong>espacio de Proyecto Pilar<\/strong> que rodea toda la hect\u00e1rea de la biblioteca, es decir <strong>al aire libre,<\/strong> aunque estar\u00e1n atentas al clima y tambi\u00e9n a la situaci\u00f3n sanitaria. Los <strong>10 a\u00f1os se festejar\u00e1n el pr\u00f3ximo s\u00e1bado 9 de abril a partir de las 14:30<\/strong>. Ya hay <strong>artistas confirmados<\/strong> entre ellos <strong>Las Rocker\u00edsticas, Mechongue Eventos y la Murga Arrebatando L\u00e1grimas.<\/strong> Adem\u00e1s se vender\u00e1n <strong>pines, calcos y remeras.\u00a0<\/strong><\/p>\n<p>&nbsp;<\/p>\n<p><img data-recalc-dims=\"1\" loading=\"lazy\" decoding=\"async\" class=\"aligncenter wp-image-45983 size-large\" src=\"https:\/\/i0.wp.com\/cdnoticias.com\/wp-content\/uploads\/2022\/02\/56506583_2110682242342791_3848356049438375936_n.jpg?resize=800%2C530&#038;ssl=1\" alt=\"\" width=\"800\" height=\"530\" srcset=\"https:\/\/i0.wp.com\/cdnoticias.com\/wp-content\/uploads\/2022\/02\/56506583_2110682242342791_3848356049438375936_n.jpg?resize=1024%2C678&amp;ssl=1 1024w, https:\/\/i0.wp.com\/cdnoticias.com\/wp-content\/uploads\/2022\/02\/56506583_2110682242342791_3848356049438375936_n.jpg?resize=300%2C199&amp;ssl=1 300w, https:\/\/i0.wp.com\/cdnoticias.com\/wp-content\/uploads\/2022\/02\/56506583_2110682242342791_3848356049438375936_n.jpg?resize=768%2C509&amp;ssl=1 768w, https:\/\/i0.wp.com\/cdnoticias.com\/wp-content\/uploads\/2022\/02\/56506583_2110682242342791_3848356049438375936_n.jpg?resize=1536%2C1017&amp;ssl=1 1536w, https:\/\/i0.wp.com\/cdnoticias.com\/wp-content\/uploads\/2022\/02\/56506583_2110682242342791_3848356049438375936_n.jpg?w=2048&amp;ssl=1 2048w, https:\/\/i0.wp.com\/cdnoticias.com\/wp-content\/uploads\/2022\/02\/56506583_2110682242342791_3848356049438375936_n.jpg?w=1600&amp;ssl=1 1600w\" sizes=\"auto, (max-width: 800px) 100vw, 800px\" \/><\/p>\n<p>&nbsp;<\/p>\n<p>&nbsp;<\/p>\n<p><img data-recalc-dims=\"1\" loading=\"lazy\" decoding=\"async\" class=\"aligncenter wp-image-45992 size-large\" src=\"https:\/\/i0.wp.com\/cdnoticias.com\/wp-content\/uploads\/2022\/02\/aaa4c63d-2d63-4d85-baee-05d6abf42a4b.jpg?resize=800%2C600&#038;ssl=1\" alt=\"\" width=\"800\" height=\"600\" srcset=\"https:\/\/i0.wp.com\/cdnoticias.com\/wp-content\/uploads\/2022\/02\/aaa4c63d-2d63-4d85-baee-05d6abf42a4b.jpg?resize=1024%2C768&amp;ssl=1 1024w, https:\/\/i0.wp.com\/cdnoticias.com\/wp-content\/uploads\/2022\/02\/aaa4c63d-2d63-4d85-baee-05d6abf42a4b.jpg?resize=300%2C225&amp;ssl=1 300w, https:\/\/i0.wp.com\/cdnoticias.com\/wp-content\/uploads\/2022\/02\/aaa4c63d-2d63-4d85-baee-05d6abf42a4b.jpg?resize=768%2C576&amp;ssl=1 768w, https:\/\/i0.wp.com\/cdnoticias.com\/wp-content\/uploads\/2022\/02\/aaa4c63d-2d63-4d85-baee-05d6abf42a4b.jpg?resize=1536%2C1152&amp;ssl=1 1536w, https:\/\/i0.wp.com\/cdnoticias.com\/wp-content\/uploads\/2022\/02\/aaa4c63d-2d63-4d85-baee-05d6abf42a4b.jpg?w=1600&amp;ssl=1 1600w\" sizes=\"auto, (max-width: 800px) 100vw, 800px\" \/><\/p>\n<p>&nbsp;<\/p>\n<p>&#8220;La idea es festejar el s\u00e1bado 9 pero tambi\u00e9n <strong>tenemos pensado hacer varios festejos durante el a\u00f1o<\/strong>&#8221; explic\u00f3 Andrea. Adem\u00e1s<strong> se pueden sumar al festejo llevando banderines con los colores del Proyecto Pilar<\/strong> (violeta, amarillo, rosa, celeste y naranja) para rodear el espacio ya que es &#8220;<strong>muy representativo para nosotras&#8221;<\/strong> coment\u00f3. Por otro lado, lanzaron una <strong>campa\u00f1a de donaciones de libros<\/strong> de <strong>literatura usados en buenas condiciones o nuevos<\/strong> ya que les permite <strong>tener mas socios<\/strong> para prestamos y es lo que las <strong>ayuda a sostener la biblioteca.<\/strong> Los<strong> socios colaboran con $100 al mes<\/strong> para el grupo familiar.<\/p>\n<p>&nbsp;<\/p>\n<p>En <strong>relaci\u00f3n a los 10 a\u00f1os,<\/strong> Andrea coment\u00f3 que &#8220;<strong>estuvimos haciendo una retrospectiva<\/strong> con videos en redes porque <strong>a veces uno no se detiene a mirar todo lo que pas\u00f3. <\/strong>Desde darse cuenta el espacio que la biblio fue ocupando en esta ciudad y las propuestas de la gente y artistas. <strong>Fue dif\u00edcil sostenerse<\/strong> porque el voluntario a largo plazo es dif\u00edcil, pero <strong>es s\u00faper gratificante y siempre son m\u00e1s las alegr\u00edas.<\/strong> <strong>Vale el esfuerzo, vemos crecer a los chicos y nos damos por satisfechos y agradecidos&#8221;.\u00a0<\/strong><\/p>\n<p>&nbsp;<\/p>\n<p>Los<strong> d\u00edas y horarios en febrero<\/strong> para poder <strong>llevar banderines o libros<\/strong> son <strong>lunes, mi\u00e9rcoles y viernes de 9:00 a 12:00.<\/strong> Por otra parte los<strong> turnos para las visitas de instituciones y escuelas<\/strong> ser\u00e1n publicados en su p\u00e1gina de<strong> Instagram<\/strong> <a href=\"https:\/\/www.instagram.com\/bibliodelotrolado.olavarria\/\" target=\"_blank\" rel=\"noopener\">@bibliodelotrolado.olavarria<\/a> a partir del<strong> 7 de marzo.\u00a0<\/strong><\/p>\n<p>&nbsp;<\/p>\n","protected":false},"excerpt":{"rendered":"<p>La Biblioteca Del Otro Lado del \u00c1rbol cumple 10 a\u00f1os el pr\u00f3ximo 9 de abril. Central de Noticias dialog\u00f3 con<\/p>\n","protected":false},"author":6,"featured_media":45982,"comment_status":"closed","ping_status":"closed","sticky":false,"template":"","format":"standard","meta":{"_jetpack_memberships_contains_paid_content":false,"footnotes":""},"categories":[9,1],"tags":[],"class_list":["post-45967","post","type-post","status-publish","format-standard","has-post-thumbnail","hentry","category-cultura","category-portada"],"jetpack_featured_media_url":"https:\/\/i0.wp.com\/cdnoticias.com\/wp-content\/uploads\/2022\/02\/36114283_1709511619126524_1214026519723114496_n.jpg?fit=2048%2C1356&ssl=1","jetpack_sharing_enabled":true,"_links":{"self":[{"href":"https:\/\/cdnoticias.com\/index.php\/wp-json\/wp\/v2\/posts\/45967","targetHints":{"allow":["GET"]}}],"collection":[{"href":"https:\/\/cdnoticias.com\/index.php\/wp-json\/wp\/v2\/posts"}],"about":[{"href":"https:\/\/cdnoticias.com\/index.php\/wp-json\/wp\/v2\/types\/post"}],"author":[{"embeddable":true,"href":"https:\/\/cdnoticias.com\/index.php\/wp-json\/wp\/v2\/users\/6"}],"replies":[{"embeddable":true,"href":"https:\/\/cdnoticias.com\/index.php\/wp-json\/wp\/v2\/comments?post=45967"}],"version-history":[{"count":0,"href":"https:\/\/cdnoticias.com\/index.php\/wp-json\/wp\/v2\/posts\/45967\/revisions"}],"wp:featuredmedia":[{"embeddable":true,"href":"https:\/\/cdnoticias.com\/index.php\/wp-json\/wp\/v2\/media\/45982"}],"wp:attachment":[{"href":"https:\/\/cdnoticias.com\/index.php\/wp-json\/wp\/v2\/media?parent=45967"}],"wp:term":[{"taxonomy":"category","embeddable":true,"href":"https:\/\/cdnoticias.com\/index.php\/wp-json\/wp\/v2\/categories?post=45967"},{"taxonomy":"post_tag","embeddable":true,"href":"https:\/\/cdnoticias.com\/index.php\/wp-json\/wp\/v2\/tags?post=45967"}],"curies":[{"name":"wp","href":"https:\/\/api.w.org\/{rel}","templated":true}]}}