{"id":45926,"date":"2022-02-08T08:47:07","date_gmt":"2022-02-08T11:47:07","guid":{"rendered":"https:\/\/www.centraldenoticias.com.ar\/?p=45926"},"modified":"2022-02-08T09:52:48","modified_gmt":"2022-02-08T12:52:48","slug":"desde-el-miercoles-vuelven-las-postas-itinerantes","status":"publish","type":"post","link":"https:\/\/cdnoticias.com\/index.php\/2022\/02\/08\/desde-el-miercoles-vuelven-las-postas-itinerantes\/","title":{"rendered":"Desde el mi\u00e9rcoles vuelven las postas itinerantes de vacunaci\u00f3n contra el Covid"},"content":{"rendered":"<p>Se difundi\u00f3 el cronograma hasta el domingo. Este mi\u00e9rcoles la posta estar\u00e1 en Sierra Chica. En tanto, el lunes se vacunaron 668 personas.<!--more--><\/p>\n<hr \/>\n<p>Esta semana <strong>se retoma el circuito de las postas itinerantes en la campa\u00f1a de vacunaci\u00f3n contra el Covid<\/strong> que lleva adelante la <strong>Regi\u00f3n Sanitaria IX<\/strong> en Olavarr\u00eda.<\/p>\n<p>&nbsp;<\/p>\n<p>El <strong>mi\u00e9rcoles<\/strong> de 10 a 14 tendr\u00e1 lugar en la<strong> Plaza La Tecla de Sierra Chica<\/strong>.<\/p>\n<p>&nbsp;<\/p>\n<p>El <strong>jueves<\/strong> la actividad se trasladar\u00e1 a la <strong>plaza del barrio Ituzaing\u00f3<\/strong> (Pueyrred\u00f3n e Ituzaing\u00f3) tambi\u00e9n de 10 a 14.<\/p>\n<p>&nbsp;<\/p>\n<p>El <strong>viernes<\/strong> nuevamente estar\u00e1 en <strong>Brown y Coronel Suarez<\/strong>, de 20 a 23 horas, y se recuperar\u00e1n las dos jornadas suspendidas por las condiciones clim\u00e1ticas.<\/p>\n<p>&nbsp;<\/p>\n<p>El <strong>s\u00e1bado<\/strong> de 10 a 14, en el <strong>Paseo Jes\u00fas Mend\u00eda<\/strong>.<\/p>\n<p>&nbsp;<\/p>\n<p>El <strong>domingo<\/strong> finalizar\u00e1 en la plaza central de <strong>Sierras Bayas<\/strong> de 19 a 23 horas.<\/p>\n<p>&nbsp;<\/p>\n<p>En caso de lluvia las actividades se reprogramar\u00e1n.<\/p>\n<p>&nbsp;<\/p>\n<p><img data-recalc-dims=\"1\" loading=\"lazy\" decoding=\"async\" class=\"alignnone size-full wp-image-45544\" src=\"https:\/\/i0.wp.com\/cdnoticias.com\/wp-content\/uploads\/2022\/02\/vacuna-barrio-aoma-02.jpg?resize=800%2C445&#038;ssl=1\" alt=\"\" width=\"800\" height=\"445\" srcset=\"https:\/\/i0.wp.com\/cdnoticias.com\/wp-content\/uploads\/2022\/02\/vacuna-barrio-aoma-02.jpg?w=800&amp;ssl=1 800w, https:\/\/i0.wp.com\/cdnoticias.com\/wp-content\/uploads\/2022\/02\/vacuna-barrio-aoma-02.jpg?resize=300%2C167&amp;ssl=1 300w, https:\/\/i0.wp.com\/cdnoticias.com\/wp-content\/uploads\/2022\/02\/vacuna-barrio-aoma-02.jpg?resize=768%2C427&amp;ssl=1 768w\" sizes=\"auto, (max-width: 800px) 100vw, 800px\" \/><\/p>\n<p>&nbsp;<\/p>\n<p>Adem\u00e1s, en la jornada del lunes se aplicaron 69 vacunas contra el Covid-19 a ni\u00f1os y ni\u00f1as de 3 a 17 a\u00f1os, y 544 terceras dosis sobre <strong>un total de 668 aplicaciones<\/strong>.<\/p>\n<p>&nbsp;<\/p>\n<p>En la <strong>Facultad de Ciencias de la Salud<\/strong> se inocularon 430 personas, y en el <strong>Servicio Territorial N\u00b02<\/strong> se aplicaron 238 dosis.<\/p>\n<p>&nbsp;<\/p>\n<p>Contin\u00faa vigente la implementaci\u00f3n del <strong>Pase Libre con Vacuna<\/strong> en la provincia de Buenos Aires. Los responsables de actividades con alta concurrencia deber\u00e1n solicitar el certificado de vacunaci\u00f3n. Es el requisito de al menos dos dosis de la vacuna contra el Covid-19 si ten\u00e9s m\u00e1s de 13 a\u00f1os para poder asistir a algunas actividades en la provincia de Buenos Aires que pueden presentar mayor riesgo epidemiol\u00f3gico. No obstante, hasta el 28 de febrero si una persona tiene la primera dosis y no se cumpli\u00f3 el tiempo m\u00ednimo interdosis (seis semanas), tambi\u00e9n puede acreditar el pase libre.<\/p>\n<p>&nbsp;<\/p>\n<p>A la par, contin\u00faan las actividades preventivas en el <strong>Centro Provincial de Testeos<\/strong> que funciona en el gimnasio del Club El Fort\u00edn (Pellegrini y Hornos, acceso por calle Hornos), de lunes a viernes de 7 a 12 hs, destinadas a mayores de 60, personas de riego o embarazadas.<\/p>\n<p>&nbsp;<\/p>\n<p>Cualquier duda o consulta, podr\u00e1n acercarse a cualquiera de las dos postas: Servicio Territorial N\u00b02, Av. Alberdi 2543, de 8 a 18 hs y en la Facultad de Ciencias de la Salud, Merlo entre Av. Pringles y 9 de Julio, de 8 a 18 hs.<\/p>\n","protected":false},"excerpt":{"rendered":"<p>Se difundi\u00f3 el cronograma hasta el domingo. Este mi\u00e9rcoles la posta estar\u00e1 en Sierra Chica. En tanto, el lunes se<\/p>\n","protected":false},"author":4,"featured_media":45545,"comment_status":"closed","ping_status":"closed","sticky":false,"template":"","format":"standard","meta":{"_jetpack_memberships_contains_paid_content":false,"footnotes":""},"categories":[16,1],"tags":[],"class_list":["post-45926","post","type-post","status-publish","format-standard","has-post-thumbnail","hentry","category-covid-19","category-portada"],"jetpack_featured_media_url":"https:\/\/i0.wp.com\/cdnoticias.com\/wp-content\/uploads\/2022\/02\/vacuna-barrio-aoma-03.jpg?fit=800%2C445&ssl=1","jetpack_sharing_enabled":true,"_links":{"self":[{"href":"https:\/\/cdnoticias.com\/index.php\/wp-json\/wp\/v2\/posts\/45926","targetHints":{"allow":["GET"]}}],"collection":[{"href":"https:\/\/cdnoticias.com\/index.php\/wp-json\/wp\/v2\/posts"}],"about":[{"href":"https:\/\/cdnoticias.com\/index.php\/wp-json\/wp\/v2\/types\/post"}],"author":[{"embeddable":true,"href":"https:\/\/cdnoticias.com\/index.php\/wp-json\/wp\/v2\/users\/4"}],"replies":[{"embeddable":true,"href":"https:\/\/cdnoticias.com\/index.php\/wp-json\/wp\/v2\/comments?post=45926"}],"version-history":[{"count":0,"href":"https:\/\/cdnoticias.com\/index.php\/wp-json\/wp\/v2\/posts\/45926\/revisions"}],"wp:featuredmedia":[{"embeddable":true,"href":"https:\/\/cdnoticias.com\/index.php\/wp-json\/wp\/v2\/media\/45545"}],"wp:attachment":[{"href":"https:\/\/cdnoticias.com\/index.php\/wp-json\/wp\/v2\/media?parent=45926"}],"wp:term":[{"taxonomy":"category","embeddable":true,"href":"https:\/\/cdnoticias.com\/index.php\/wp-json\/wp\/v2\/categories?post=45926"},{"taxonomy":"post_tag","embeddable":true,"href":"https:\/\/cdnoticias.com\/index.php\/wp-json\/wp\/v2\/tags?post=45926"}],"curies":[{"name":"wp","href":"https:\/\/api.w.org\/{rel}","templated":true}]}}