{"id":45883,"date":"2022-02-07T19:21:07","date_gmt":"2022-02-07T22:21:07","guid":{"rendered":"https:\/\/www.centraldenoticias.com.ar\/?p=45883"},"modified":"2022-02-07T19:21:07","modified_gmt":"2022-02-07T22:21:07","slug":"reabrio-la-inscripcion-para-las-carreras-que-ofrece-la-facultad-de-ciencias-sociales","status":"publish","type":"post","link":"https:\/\/cdnoticias.com\/index.php\/2022\/02\/07\/reabrio-la-inscripcion-para-las-carreras-que-ofrece-la-facultad-de-ciencias-sociales\/","title":{"rendered":"Reabri\u00f3 la inscripci\u00f3n para las carreras que ofrece la Facultad de Ciencias Sociales"},"content":{"rendered":"<p>Hay tiempo para anotarse hasta el 21 de febrero en cualquiera de las seis ofertas de grado que se dictar\u00e1n de manera presencial este a\u00f1o.<!--more--><\/p>\n<hr \/>\n<p>Hasta el lunes 21 de febrero estar\u00e1 abierto el per\u00edodo de inscripci\u00f3n a las seis carreras de grado que se ofrecen en la Facultad de Ciencias Sociales:<strong> Licenciatura en Comunicaci\u00f3n Social; Licenciatura en Antropolog\u00eda orientaci\u00f3n Social; Licenciatura en Antropolog\u00eda orientaci\u00f3n Arqueolog\u00eda; Periodismo y Profesorados en Comunicaci\u00f3n Social y Antropolog\u00eda<\/strong>, correspondiente al ciclo acad\u00e9mico 2022.<\/p>\n<p>&nbsp;<\/p>\n<p>Los\/as interesados\/as en inscribirse deber\u00e1n completar el formulario de preinscripci\u00f3n disponible en la web de Sociales, y posteriormente para completar el tr\u00e1mite se deber\u00e1 acercar la documentaci\u00f3n a la oficina de Alumnos de la Facultad.<\/p>\n<p>&nbsp;<\/p>\n<p>Estas carreras son elegidas a\u00f1o a a\u00f1o por j\u00f3venes de Olavarr\u00eda, de ciudades de la provincia de Buenos Aires y provincias lim\u00edtrofes para cursar sus estudios universitarios. La unidad acad\u00e9mica es una instituci\u00f3n de referencia permanente para Olavarr\u00eda y la regi\u00f3n en el \u00e1mbito de la ciencia y la investigaci\u00f3n, con articulaci\u00f3n permanente con organismos nacionales e internacionales de investigaci\u00f3n. Desde sus comienzos la Facultad de Ciencias Sociales siempre ha puesto \u00e9nfasis en la construcci\u00f3n cr\u00edtica del conocimiento y el compromiso social.<\/p>\n<p>&nbsp;<\/p>\n<p>Los pasos para realizar la inscripci\u00f3n a las carreras de grado son los siguientes:<\/p>\n<p>&nbsp;<\/p>\n<p><strong>Paso 1<\/strong>: ingresar en la web de la Facultad de Ciencias Sociales a la opci\u00f3n <a href=\"https:\/\/www.soc.unicen.edu.ar\/index.php\/ingresantes\/inscripcion2022\" target=\"_blank\" rel=\"noopener\">Inscripci\u00f3n 2022<\/a> y completar el formulario de pre-inscripci\u00f3n. Una vez completo descargar el comprobante en archivo PDF (las cuatro planillas que genera el sistema) e imprimirlo.<\/p>\n<p>&nbsp;<\/p>\n<p><strong>Paso 2:<\/strong> Reunir la siguiente documentaci\u00f3n (en papel):<\/p>\n<p>&nbsp;<\/p>\n<p>&#8211; T\u00edtulo secundario (fotocopia autenticada) o constancia de t\u00edtulo en tr\u00e1mite<\/p>\n<p>&nbsp;<\/p>\n<p>&#8211; Fotocopia de DNI (anverso y reverso)<\/p>\n<p>&nbsp;<\/p>\n<p>&#8211; Foto carnet 4&#215;4<\/p>\n<p>&nbsp;<\/p>\n<p>&#8211; <a href=\"https:\/\/www.gba.gob.ar\/registrodelaspersonas\/solicitud_de_partidas_online\" target=\"_blank\" rel=\"noopener\">Partida de nacimiento<\/a><\/p>\n<p>&nbsp;<\/p>\n<p>&#8211; Ficha de salud completa disponible <a href=\"https:\/\/www.soc.unicen.edu.ar\/images\/M_images\/2019\/Academica\/pdf\/ficha_salud_sociales.pdf\" target=\"_blank\" rel=\"noopener\">aqu\u00ed<\/a><\/p>\n<p>&nbsp;<\/p>\n<p>&#8211; En caso de adeudar materias del secundario, los\/as interesados podr\u00e1n inscribirse presentando certificado de alumno regular (con detalle de materias adeudadas)<\/p>\n<p>&nbsp;<\/p>\n<p><strong>Paso 3:<\/strong> El comprobante de la pre-inscripci\u00f3n (impreso) m\u00e1s toda la documentaci\u00f3n (en papel) deber\u00e1 ser presentada de manera presencial en la ventanilla del Departamento de Alumnos hasta el 21 de febrero inclusive (de lunes a viernes, d\u00edas h\u00e1biles) en el horario de 10 a 17. Avenida Del Valle 5737, Complejo Universitario Olavarr\u00eda.<\/p>\n<p>&nbsp;<\/p>\n<p><strong>CIVU<\/strong><\/p>\n<p>&nbsp;<\/p>\n<p>El Curso de Introducci\u00f3n a la Vida Universitaria (CIVU) es de car\u00e1cter obligatorio y se dictar\u00e1 del 21 de febrero al 18 de marzo de 2022, ser\u00e1 en formato h\u00edbrido (encuentros en sede, por videollamadas y actividades asincr\u00f3nicas). La inscripci\u00f3n se realizar\u00e1 a trav\u00e9s del formulario disponible <a href=\"https:\/\/docs.google.com\/forms\/d\/e\/1FAIpQLSeIhmAci1O8OJ5xHG7NCQOI_HCjMMNz6LdhdIGJhrU75JCD0Q\/viewform\" target=\"_blank\" rel=\"noopener\">aqu\u00ed.<\/a><\/p>\n<p>&nbsp;<\/p>\n<p><strong>Consultas<\/strong><\/p>\n<p>&nbsp;<\/p>\n<p>A partir del 7 de febrero, los interesados\/as podr\u00e1n comunicarse al mail inscripcioncarrerafacso@gmail.com, por tel\u00e9fono a la oficina de Alumnos (02284- 450115) int. 8041, en el horario de 10 a 17.<\/p>\n<p>&nbsp;<\/p>\n<p>Las consultas para obtener m\u00e1s informaci\u00f3n sobre las carreras deber\u00e1n realizarse por mail a futuros.estudiantes@soc.unicen.edu.ar o al celular 02284-15500331, a partir del 7 de febrero de 2022.<\/p>\n","protected":false},"excerpt":{"rendered":"<p>Hay tiempo para anotarse hasta el 21 de febrero en cualquiera de las seis ofertas de grado que se dictar\u00e1n<\/p>\n","protected":false},"author":5,"featured_media":0,"comment_status":"closed","ping_status":"closed","sticky":false,"template":"","format":"standard","meta":{"_jetpack_memberships_contains_paid_content":false,"footnotes":""},"categories":[5,1],"tags":[],"class_list":["post-45883","post","type-post","status-publish","format-standard","hentry","category-informacion-general","category-portada"],"jetpack_featured_media_url":"","jetpack_sharing_enabled":true,"_links":{"self":[{"href":"https:\/\/cdnoticias.com\/index.php\/wp-json\/wp\/v2\/posts\/45883","targetHints":{"allow":["GET"]}}],"collection":[{"href":"https:\/\/cdnoticias.com\/index.php\/wp-json\/wp\/v2\/posts"}],"about":[{"href":"https:\/\/cdnoticias.com\/index.php\/wp-json\/wp\/v2\/types\/post"}],"author":[{"embeddable":true,"href":"https:\/\/cdnoticias.com\/index.php\/wp-json\/wp\/v2\/users\/5"}],"replies":[{"embeddable":true,"href":"https:\/\/cdnoticias.com\/index.php\/wp-json\/wp\/v2\/comments?post=45883"}],"version-history":[{"count":0,"href":"https:\/\/cdnoticias.com\/index.php\/wp-json\/wp\/v2\/posts\/45883\/revisions"}],"wp:attachment":[{"href":"https:\/\/cdnoticias.com\/index.php\/wp-json\/wp\/v2\/media?parent=45883"}],"wp:term":[{"taxonomy":"category","embeddable":true,"href":"https:\/\/cdnoticias.com\/index.php\/wp-json\/wp\/v2\/categories?post=45883"},{"taxonomy":"post_tag","embeddable":true,"href":"https:\/\/cdnoticias.com\/index.php\/wp-json\/wp\/v2\/tags?post=45883"}],"curies":[{"name":"wp","href":"https:\/\/api.w.org\/{rel}","templated":true}]}}