{"id":45851,"date":"2022-02-07T12:06:20","date_gmt":"2022-02-07T15:06:20","guid":{"rendered":"https:\/\/www.centraldenoticias.com.ar\/?p=45851"},"modified":"2022-02-08T08:22:26","modified_gmt":"2022-02-08T11:22:26","slug":"hcd-mercedes-landivar-es-la-presidenta-de-la-comision-especial","status":"publish","type":"post","link":"https:\/\/cdnoticias.com\/index.php\/2022\/02\/07\/hcd-mercedes-landivar-es-la-presidenta-de-la-comision-especial\/","title":{"rendered":"HCD: Mercedes Land\u00edvar es la presidenta de la comisi\u00f3n especial"},"content":{"rendered":"<p>Se trata de la comisi\u00f3n constituida para investigar la venta ilegal de terrenos. Sebasti\u00e1n Matrella y Celeste Arouxet son vicepresidente y secretaria, respectivamente.<!--more--><\/p>\n<hr \/>\n<p>El <strong>Concejo Deliberante<\/strong> tuvo importante actividad este lunes: <strong>se constituy\u00f3 la comisi\u00f3n especial para investigar la venta de terrenos que ha derivado en varias denuncias<\/strong>. <a href=\"https:\/\/cdnoticias.com\/index.php\/2022\/02\/05\/con-un-fuerte-pedido-de-justicia-el-hcd-aprobo-la-comision-que-investigara-la-venta-de-terrenos\/\" target=\"_blank\" rel=\"noopener\">Se trata de la iniciativa aprobada en la sesi\u00f3n extraordinaria del s\u00e1bado<\/a>.<\/p>\n<p>&nbsp;<\/p>\n<p>En la reuni\u00f3n que dio inicio hacia las 11 estuvieron<strong> la presidenta del Concejo, Cecilia Krivochen, y la secretaria del cuerpo, Margarita Arregui<\/strong>. La m\u00e1xima autoridad del legislativo formaliz\u00f3 la convocatoria a la constituci\u00f3n.<\/p>\n<p>&nbsp;<\/p>\n<p><img data-recalc-dims=\"1\" loading=\"lazy\" decoding=\"async\" class=\"size-large wp-image-45847 aligncenter\" src=\"https:\/\/i0.wp.com\/cdnoticias.com\/wp-content\/uploads\/2022\/02\/comision-especial1-1024x683.jpg?resize=800%2C534&#038;ssl=1\" alt=\"\" width=\"800\" height=\"534\" srcset=\"https:\/\/i0.wp.com\/cdnoticias.com\/wp-content\/uploads\/2022\/02\/comision-especial1-scaled.jpg?resize=1024%2C683&amp;ssl=1 1024w, https:\/\/i0.wp.com\/cdnoticias.com\/wp-content\/uploads\/2022\/02\/comision-especial1-scaled.jpg?resize=300%2C200&amp;ssl=1 300w, https:\/\/i0.wp.com\/cdnoticias.com\/wp-content\/uploads\/2022\/02\/comision-especial1-scaled.jpg?resize=768%2C512&amp;ssl=1 768w, https:\/\/i0.wp.com\/cdnoticias.com\/wp-content\/uploads\/2022\/02\/comision-especial1-scaled.jpg?resize=1536%2C1024&amp;ssl=1 1536w, https:\/\/i0.wp.com\/cdnoticias.com\/wp-content\/uploads\/2022\/02\/comision-especial1-scaled.jpg?resize=2048%2C1365&amp;ssl=1 2048w, https:\/\/i0.wp.com\/cdnoticias.com\/wp-content\/uploads\/2022\/02\/comision-especial1-scaled.jpg?resize=272%2C182&amp;ssl=1 272w, https:\/\/i0.wp.com\/cdnoticias.com\/wp-content\/uploads\/2022\/02\/comision-especial1-scaled.jpg?w=1600&amp;ssl=1 1600w, https:\/\/i0.wp.com\/cdnoticias.com\/wp-content\/uploads\/2022\/02\/comision-especial1-scaled.jpg?w=2400&amp;ssl=1 2400w\" sizes=\"auto, (max-width: 800px) 100vw, 800px\" \/><\/p>\n<p>&nbsp;<\/p>\n<blockquote><p>Como integrantes de la comisi\u00f3n asistieron un representante por bloque: Mercedes Land\u00edvar por el Frente de Todos, Gast\u00f3n Sarachu por Foro Olavarr\u00eda, Sebasti\u00e1n Matrella por UCR-Juntos, Maite Salerno por Juntos y Celeste Arouxet por Ahora Olavarr\u00eda.<\/p><\/blockquote>\n<p>&nbsp;<\/p>\n<p>En el encuentro se definieron las <strong>autoridades<\/strong> de la comisi\u00f3n. <strong>Land\u00edvar es la presidenta<\/strong>, mientras que <strong>Matrella es el vice<\/strong> y <strong>Arouxet es la secretaria<\/strong>. De esta manera se cumpli\u00f3 con lo previsto en cuanto <strong>dejar la presidencia en manos de la bancada impulsora de la iniciativa de creaci\u00f3n de la comisi\u00f3n<\/strong>.<\/p>\n<p>&nbsp;<\/p>\n<p><img data-recalc-dims=\"1\" loading=\"lazy\" decoding=\"async\" class=\"size-large wp-image-45848 aligncenter\" src=\"https:\/\/i0.wp.com\/cdnoticias.com\/wp-content\/uploads\/2022\/02\/comision-especial2-1024x570.jpg?resize=800%2C445&#038;ssl=1\" alt=\"\" width=\"800\" height=\"445\" srcset=\"https:\/\/i0.wp.com\/cdnoticias.com\/wp-content\/uploads\/2022\/02\/comision-especial2-scaled.jpg?resize=1024%2C570&amp;ssl=1 1024w, https:\/\/i0.wp.com\/cdnoticias.com\/wp-content\/uploads\/2022\/02\/comision-especial2-scaled.jpg?resize=300%2C167&amp;ssl=1 300w, https:\/\/i0.wp.com\/cdnoticias.com\/wp-content\/uploads\/2022\/02\/comision-especial2-scaled.jpg?resize=768%2C427&amp;ssl=1 768w, https:\/\/i0.wp.com\/cdnoticias.com\/wp-content\/uploads\/2022\/02\/comision-especial2-scaled.jpg?resize=1536%2C855&amp;ssl=1 1536w, https:\/\/i0.wp.com\/cdnoticias.com\/wp-content\/uploads\/2022\/02\/comision-especial2-scaled.jpg?resize=2048%2C1140&amp;ssl=1 2048w, https:\/\/i0.wp.com\/cdnoticias.com\/wp-content\/uploads\/2022\/02\/comision-especial2-scaled.jpg?resize=800%2C445&amp;ssl=1 800w, https:\/\/i0.wp.com\/cdnoticias.com\/wp-content\/uploads\/2022\/02\/comision-especial2-scaled.jpg?w=1600&amp;ssl=1 1600w, https:\/\/i0.wp.com\/cdnoticias.com\/wp-content\/uploads\/2022\/02\/comision-especial2-scaled.jpg?w=2400&amp;ssl=1 2400w\" sizes=\"auto, (max-width: 800px) 100vw, 800px\" \/><\/p>\n<p>&nbsp;<\/p>\n<p>Tras la reuni\u00f3n constitutiva, se inform\u00f3 que funcionar\u00e1 <strong>durante el mes de febrero los d\u00edas lunes y mi\u00e9rcoles de 9 a 11 horas<\/strong> y a partir del mes de marzo lo har\u00e1 de 10.30 a 12.30, siempre los d\u00edas lunes y mi\u00e9rcoles. Se aclar\u00f3 que podr\u00e1 convocarse en otros d\u00edas y horarios en caso de situaciones excepcionales que as\u00ed lo ameriten.<\/p>\n<p>&nbsp;<\/p>\n<p>Por otro lado, se dej\u00f3 establecido que <strong>cualquier vecino o vecina que requiera dar aportes a la comisi\u00f3n especial<\/strong>, solo a los fines de los que fue creada, podr\u00e1 presentarse de lunes a viernes de 8 a 12 horas en la Mesa de Entradas del Concejo Deliberante (Alsina y San Mart\u00edn) o bien comunicarse al tel\u00e9fono 442816.<\/p>\n<p>&nbsp;<\/p>\n<p><img data-recalc-dims=\"1\" loading=\"lazy\" decoding=\"async\" class=\"size-large wp-image-45852 aligncenter\" src=\"https:\/\/i0.wp.com\/cdnoticias.com\/wp-content\/uploads\/2022\/02\/comision-especial6-1024x570.jpg?resize=800%2C445&#038;ssl=1\" alt=\"\" width=\"800\" height=\"445\" srcset=\"https:\/\/i0.wp.com\/cdnoticias.com\/wp-content\/uploads\/2022\/02\/comision-especial6-scaled.jpg?resize=1024%2C570&amp;ssl=1 1024w, https:\/\/i0.wp.com\/cdnoticias.com\/wp-content\/uploads\/2022\/02\/comision-especial6-scaled.jpg?resize=300%2C167&amp;ssl=1 300w, https:\/\/i0.wp.com\/cdnoticias.com\/wp-content\/uploads\/2022\/02\/comision-especial6-scaled.jpg?resize=768%2C427&amp;ssl=1 768w, https:\/\/i0.wp.com\/cdnoticias.com\/wp-content\/uploads\/2022\/02\/comision-especial6-scaled.jpg?resize=1536%2C855&amp;ssl=1 1536w, https:\/\/i0.wp.com\/cdnoticias.com\/wp-content\/uploads\/2022\/02\/comision-especial6-scaled.jpg?resize=2048%2C1140&amp;ssl=1 2048w, https:\/\/i0.wp.com\/cdnoticias.com\/wp-content\/uploads\/2022\/02\/comision-especial6-scaled.jpg?resize=800%2C445&amp;ssl=1 800w, https:\/\/i0.wp.com\/cdnoticias.com\/wp-content\/uploads\/2022\/02\/comision-especial6-scaled.jpg?w=1600&amp;ssl=1 1600w, https:\/\/i0.wp.com\/cdnoticias.com\/wp-content\/uploads\/2022\/02\/comision-especial6-scaled.jpg?w=2400&amp;ssl=1 2400w\" sizes=\"auto, (max-width: 800px) 100vw, 800px\" \/><\/p>\n<p>&nbsp;<\/p>\n<p><strong>El funcionamiento de la comisi\u00f3n<\/strong><\/p>\n<p>&nbsp;<\/p>\n<p>Tal lo previsto en el decreto de creaci\u00f3n, <strong>la comisi\u00f3n especial funcionar\u00e1 por 45 d\u00edas<\/strong>. Tiene como objeto <strong>\u201crecabar testimonios<\/strong> de cada uno de los y las damnificados de dichas ventas y\/o aquellas personas testigos de casos o que cuenten con informaci\u00f3n precisa sobre el tema\u201d.<\/p>\n<p>&nbsp;<\/p>\n<p>Tambi\u00e9n se busca <strong>\u201ccolaborar en poder dilucidar el accionar y la metodolog\u00eda<\/strong> de quienes participaban en esta maniobra delictiva\u201d y \u201ccolaborar en la identificaci\u00f3n de posibles responsabilidades de funcionarios y\/o empleados del Municipio de Olavarr\u00eda\u201d.<\/p>\n<p>&nbsp;<\/p>\n<p><img data-recalc-dims=\"1\" loading=\"lazy\" decoding=\"async\" class=\"size-large wp-image-45850 aligncenter\" src=\"https:\/\/i0.wp.com\/cdnoticias.com\/wp-content\/uploads\/2022\/02\/comision-especial5-1024x570.jpg?resize=800%2C445&#038;ssl=1\" alt=\"\" width=\"800\" height=\"445\" srcset=\"https:\/\/i0.wp.com\/cdnoticias.com\/wp-content\/uploads\/2022\/02\/comision-especial5-scaled.jpg?resize=1024%2C570&amp;ssl=1 1024w, https:\/\/i0.wp.com\/cdnoticias.com\/wp-content\/uploads\/2022\/02\/comision-especial5-scaled.jpg?resize=300%2C167&amp;ssl=1 300w, https:\/\/i0.wp.com\/cdnoticias.com\/wp-content\/uploads\/2022\/02\/comision-especial5-scaled.jpg?resize=768%2C427&amp;ssl=1 768w, https:\/\/i0.wp.com\/cdnoticias.com\/wp-content\/uploads\/2022\/02\/comision-especial5-scaled.jpg?resize=1536%2C855&amp;ssl=1 1536w, https:\/\/i0.wp.com\/cdnoticias.com\/wp-content\/uploads\/2022\/02\/comision-especial5-scaled.jpg?resize=2048%2C1140&amp;ssl=1 2048w, https:\/\/i0.wp.com\/cdnoticias.com\/wp-content\/uploads\/2022\/02\/comision-especial5-scaled.jpg?resize=800%2C445&amp;ssl=1 800w, https:\/\/i0.wp.com\/cdnoticias.com\/wp-content\/uploads\/2022\/02\/comision-especial5-scaled.jpg?w=1600&amp;ssl=1 1600w, https:\/\/i0.wp.com\/cdnoticias.com\/wp-content\/uploads\/2022\/02\/comision-especial5-scaled.jpg?w=2400&amp;ssl=1 2400w\" sizes=\"auto, (max-width: 800px) 100vw, 800px\" \/><\/p>\n<p>&nbsp;<\/p>\n<p>Entre las facultades de esta comisi\u00f3n se cuentan <strong>\u201crecibir testimonios y pruebas\u201d<\/strong>, \u201csolicitar documentaci\u00f3n e informaci\u00f3n, escrita u oral, relacionada con los hechos investigados\u201d, \u201cconvocar a dar informaci\u00f3n a damnificados, terceros interesados, funcionarios\u201d y \u201cdenunciar a la Justicia cualquier intento de obstrucci\u00f3n, ocultamiento, sustracci\u00f3n o destrucci\u00f3n de elementos probatorios\u201d.<\/p>\n<p>&nbsp;<\/p>\n<p>Se estableci\u00f3 que la comisi\u00f3n funcionar\u00e1 <strong>bajo la reserva de las actuaciones<\/strong> y que constar\u00e1 versi\u00f3n taquigr\u00e1fica de cada actuaci\u00f3n que lleve adelante.<\/p>\n<p>&nbsp;<\/p>\n<p>En cuanto a las <strong>obligaciones de la comisi\u00f3n<\/strong>, se fijaron entre ellas \u201creservar la identidad de las personas damnificadas que brinden su testimonio y as\u00ed lo solicitaren\u201d, \u201crealizar denuncias y remitir pruebas a la Justicia\u201d, \u201cdenunciar ante las autoridades competentes el incumplimiento, reticencia, demora, obstaculizaci\u00f3n o cualquier otra actitud tendiente a interferir en el trabajo de la comisi\u00f3n\u201d, y \u201ccomunicar semanalmente la labor llevada adelante por la comisi\u00f3n\u201d.<\/p>\n<p>&nbsp;<\/p>\n<p><img data-recalc-dims=\"1\" loading=\"lazy\" decoding=\"async\" class=\"size-large wp-image-45853 aligncenter\" src=\"https:\/\/i0.wp.com\/cdnoticias.com\/wp-content\/uploads\/2022\/02\/comision-especial43-1024x570.jpg?resize=800%2C445&#038;ssl=1\" alt=\"\" width=\"800\" height=\"445\" srcset=\"https:\/\/i0.wp.com\/cdnoticias.com\/wp-content\/uploads\/2022\/02\/comision-especial43-scaled.jpg?resize=1024%2C570&amp;ssl=1 1024w, https:\/\/i0.wp.com\/cdnoticias.com\/wp-content\/uploads\/2022\/02\/comision-especial43-scaled.jpg?resize=300%2C167&amp;ssl=1 300w, https:\/\/i0.wp.com\/cdnoticias.com\/wp-content\/uploads\/2022\/02\/comision-especial43-scaled.jpg?resize=768%2C427&amp;ssl=1 768w, https:\/\/i0.wp.com\/cdnoticias.com\/wp-content\/uploads\/2022\/02\/comision-especial43-scaled.jpg?resize=1536%2C854&amp;ssl=1 1536w, https:\/\/i0.wp.com\/cdnoticias.com\/wp-content\/uploads\/2022\/02\/comision-especial43-scaled.jpg?resize=2048%2C1139&amp;ssl=1 2048w, https:\/\/i0.wp.com\/cdnoticias.com\/wp-content\/uploads\/2022\/02\/comision-especial43-scaled.jpg?resize=800%2C445&amp;ssl=1 800w, https:\/\/i0.wp.com\/cdnoticias.com\/wp-content\/uploads\/2022\/02\/comision-especial43-scaled.jpg?w=1600&amp;ssl=1 1600w, https:\/\/i0.wp.com\/cdnoticias.com\/wp-content\/uploads\/2022\/02\/comision-especial43-scaled.jpg?w=2400&amp;ssl=1 2400w\" sizes=\"auto, (max-width: 800px) 100vw, 800px\" \/><\/p>\n","protected":false},"excerpt":{"rendered":"<p>Se trata de la comisi\u00f3n constituida para investigar la venta ilegal de terrenos. Sebasti\u00e1n Matrella y Celeste Arouxet son vicepresidente<\/p>\n","protected":false},"author":4,"featured_media":45849,"comment_status":"closed","ping_status":"closed","sticky":false,"template":"","format":"standard","meta":{"_jetpack_memberships_contains_paid_content":false,"footnotes":""},"categories":[4,1],"tags":[],"class_list":["post-45851","post","type-post","status-publish","format-standard","has-post-thumbnail","hentry","category-politica","category-portada"],"jetpack_featured_media_url":"https:\/\/i0.wp.com\/cdnoticias.com\/wp-content\/uploads\/2022\/02\/comision-especial3-scaled.jpg?fit=2560%2C1424&ssl=1","jetpack_sharing_enabled":true,"_links":{"self":[{"href":"https:\/\/cdnoticias.com\/index.php\/wp-json\/wp\/v2\/posts\/45851","targetHints":{"allow":["GET"]}}],"collection":[{"href":"https:\/\/cdnoticias.com\/index.php\/wp-json\/wp\/v2\/posts"}],"about":[{"href":"https:\/\/cdnoticias.com\/index.php\/wp-json\/wp\/v2\/types\/post"}],"author":[{"embeddable":true,"href":"https:\/\/cdnoticias.com\/index.php\/wp-json\/wp\/v2\/users\/4"}],"replies":[{"embeddable":true,"href":"https:\/\/cdnoticias.com\/index.php\/wp-json\/wp\/v2\/comments?post=45851"}],"version-history":[{"count":0,"href":"https:\/\/cdnoticias.com\/index.php\/wp-json\/wp\/v2\/posts\/45851\/revisions"}],"wp:featuredmedia":[{"embeddable":true,"href":"https:\/\/cdnoticias.com\/index.php\/wp-json\/wp\/v2\/media\/45849"}],"wp:attachment":[{"href":"https:\/\/cdnoticias.com\/index.php\/wp-json\/wp\/v2\/media?parent=45851"}],"wp:term":[{"taxonomy":"category","embeddable":true,"href":"https:\/\/cdnoticias.com\/index.php\/wp-json\/wp\/v2\/categories?post=45851"},{"taxonomy":"post_tag","embeddable":true,"href":"https:\/\/cdnoticias.com\/index.php\/wp-json\/wp\/v2\/tags?post=45851"}],"curies":[{"name":"wp","href":"https:\/\/api.w.org\/{rel}","templated":true}]}}