{"id":45830,"date":"2022-02-07T09:16:15","date_gmt":"2022-02-07T12:16:15","guid":{"rendered":"https:\/\/www.centraldenoticias.com.ar\/?p=45830"},"modified":"2022-02-07T09:16:15","modified_gmt":"2022-02-07T12:16:15","slug":"kicillof-puso-reparos-sobre-el-acuerdo-con-el-fmi-y-volvio-a-apuntar-a-macri","status":"publish","type":"post","link":"https:\/\/cdnoticias.com\/index.php\/2022\/02\/07\/kicillof-puso-reparos-sobre-el-acuerdo-con-el-fmi-y-volvio-a-apuntar-a-macri\/","title":{"rendered":"Kicillof puso reparos sobre el acuerdo con el FMI y volvi\u00f3 a apuntar a Macri"},"content":{"rendered":"<p>\u201cHay que seguir d\u00e1ndole vueltas al asunto\u201d, dijo el gobernador sobre el entendimiento con el organismo que ahora debe analizar el Congreso.<!--more--><\/p>\n<hr \/>\n<p><strong>El gobernador de la provincia de Buenos Aires, Axel Kicillof, plante\u00f3 algunos reparos sobre el acuerdo de entendimiento con el Fondo Monetario Internacional (FMI)<\/strong>, que ahora deber\u00e1 tratar el Congreso, y asegur\u00f3 que todav\u00eda \u201chay que seguir d\u00e1ndole vueltas al asunto\u201d.<\/p>\n<p>&nbsp;<\/p>\n<p>Si bien el d\u00eda que se anunci\u00f3 Kicillof dijo que se hab\u00eda evitado una cat\u00e1strofe, ahora plante\u00f3 algunos reparos y reconoci\u00f3 que en lo que la totalidad del Frente de Todos est\u00e1 de acuerdo es que <strong>el ex presidente Mauricio Macri y el FMI \u201cest\u00e1n tratando de evadir su responsabilidad\u201d con respecto al cr\u00e9dito otorgado en el Gobierno anterior<\/strong>.<\/p>\n<p>&nbsp;<\/p>\n<blockquote><p>\u201cFue un cr\u00e9dito extraordinario, con montos extraordinarios y maneras extraordinarias. Fue extraordinario no por lo bueno, sino por lo raro, por lo fuera de los par\u00e1metros que estuvo. Y por eso no se puede resolver con las normas habituales del FMI. Hay que seguir d\u00e1ndole vueltas al tema\u201d, explic\u00f3 el gobernador desde Madrid, donde la comitiva presidencial que regresa de China realiz\u00f3 una escala para recargar combustible.<\/p><\/blockquote>\n<p>&nbsp;<\/p>\n<p>\u201cLo que no hay que dejar de hacer es marcar que la responsabilidad de esta situaci\u00f3n es plenamente del gobierno de Mauricio Macri y del propio FMI. <strong>El FMI ensay\u00f3 una autocr\u00edtica, pero el problema persiste: no se vio reflejada esa autocr\u00edtica en un cambio circunstancial<\/strong>\u201d, agreg\u00f3 a radio El Destape.\u00a0La autocr\u00edtica que hizo el organismo de cr\u00e9dito a fines del a\u00f1o pasado sobre el cr\u00e9dito otorgado al Gobierno de Macri gener\u00f3 sabor a poco en el sector m\u00e1s duro del kirchnerismo.<\/p>\n<p>&nbsp;<\/p>\n<p>\u201cEs l\u00f3gico que haya <strong>una gran discusi\u00f3n de cara a la sociedad porque es un tema muy complejo<\/strong>. En lo que estamos todos de acuerdo es que Macri y el FMI est\u00e1n tratando de evadir su responsabilidad con respecto a esto y las cargas y condicionamientos que les dejan a los argentinos y a las argentinas. Es un dato que se debe discutir a fondo y no se puede dejar pasar as\u00ed\u201d, dijo Kicillof.<\/p>\n<p>&nbsp;<\/p>\n<blockquote><p>Y a\u00f1adi\u00f3: \u201cNo se puede dejar pasar as\u00ed porque seguimos con una deuda inmensa. Es una deuda que da bronca porque es plata que se us\u00f3 para favorecer la fuga de capitales y enriquecer a sectores que se beneficiaron con el macrismo\u201d.<\/p><\/blockquote>\n<p>&nbsp;<\/p>\n<p>Fuente: <em>Agencia DIB<\/em><\/p>\n","protected":false},"excerpt":{"rendered":"<p>\u201cHay que seguir d\u00e1ndole vueltas al asunto\u201d, dijo el gobernador sobre el entendimiento con el organismo que ahora debe analizar<\/p>\n","protected":false},"author":4,"featured_media":45831,"comment_status":"closed","ping_status":"closed","sticky":false,"template":"","format":"standard","meta":{"_jetpack_memberships_contains_paid_content":false,"footnotes":""},"categories":[6,1],"tags":[],"class_list":["post-45830","post","type-post","status-publish","format-standard","has-post-thumbnail","hentry","category-nacionales","category-portada"],"jetpack_featured_media_url":"https:\/\/i0.wp.com\/cdnoticias.com\/wp-content\/uploads\/2022\/02\/DIB-Kicillof-en-china-1024x682-1.jpg?fit=1024%2C682&ssl=1","jetpack_sharing_enabled":true,"_links":{"self":[{"href":"https:\/\/cdnoticias.com\/index.php\/wp-json\/wp\/v2\/posts\/45830","targetHints":{"allow":["GET"]}}],"collection":[{"href":"https:\/\/cdnoticias.com\/index.php\/wp-json\/wp\/v2\/posts"}],"about":[{"href":"https:\/\/cdnoticias.com\/index.php\/wp-json\/wp\/v2\/types\/post"}],"author":[{"embeddable":true,"href":"https:\/\/cdnoticias.com\/index.php\/wp-json\/wp\/v2\/users\/4"}],"replies":[{"embeddable":true,"href":"https:\/\/cdnoticias.com\/index.php\/wp-json\/wp\/v2\/comments?post=45830"}],"version-history":[{"count":0,"href":"https:\/\/cdnoticias.com\/index.php\/wp-json\/wp\/v2\/posts\/45830\/revisions"}],"wp:featuredmedia":[{"embeddable":true,"href":"https:\/\/cdnoticias.com\/index.php\/wp-json\/wp\/v2\/media\/45831"}],"wp:attachment":[{"href":"https:\/\/cdnoticias.com\/index.php\/wp-json\/wp\/v2\/media?parent=45830"}],"wp:term":[{"taxonomy":"category","embeddable":true,"href":"https:\/\/cdnoticias.com\/index.php\/wp-json\/wp\/v2\/categories?post=45830"},{"taxonomy":"post_tag","embeddable":true,"href":"https:\/\/cdnoticias.com\/index.php\/wp-json\/wp\/v2\/tags?post=45830"}],"curies":[{"name":"wp","href":"https:\/\/api.w.org\/{rel}","templated":true}]}}