{"id":4581,"date":"2020-10-21T21:05:50","date_gmt":"2020-10-22T00:05:50","guid":{"rendered":"http:\/\/www.centraldenoticias.com.ar\/?p=4581"},"modified":"2020-10-22T09:02:18","modified_gmt":"2020-10-22T12:02:18","slug":"siempre-fuimos-un-gobierno-de-puertas-abiertas-y-de-dialogo","status":"publish","type":"post","link":"https:\/\/cdnoticias.com\/index.php\/2020\/10\/21\/siempre-fuimos-un-gobierno-de-puertas-abiertas-y-de-dialogo\/","title":{"rendered":"\u201cSiempre fuimos un gobierno de puertas abiertas y de di\u00e1logo\u201d"},"content":{"rendered":"<p>&nbsp;<\/p>\n<p>El secretario de Desarrollo Humano y Calidad de Vida <strong>Diego Robbiani dialog\u00f3 con Central de Noticias<\/strong> sobre la reuni\u00f3n mantenida con tres representantes de la Mesa de Emergencia. Adem\u00e1s, habl\u00f3 de la gesti\u00f3n del conflicto, del trabajo del \u00e1rea y la visi\u00f3n sobre lo que ocurri\u00f3 el martes durante el cruce de protestas.<!--more--><\/p>\n<hr \/>\n<p>Luego de distintas negociaciones y en un clima de creciente tensi\u00f3n e incidentes, durante la tarde del martes <strong>tres representantes de la Mesa de Emergencia fueron recibidos por el secretario de Gobierno Hilario Galli, el secretario de Desarrollo Humano y Calidad de Vida Diego Robbiani y la subsecretaria de Desarrollo Social Silvana Rosales.<\/strong><\/p>\n<p>&nbsp;<\/p>\n<p><em>\u201cA pesar de que la carpa se arm\u00f3 hace 20 d\u00edas, a pesar de que hab\u00edamos trazado una forma de trabajar hacer 20 d\u00edas atr\u00e1s y ellos sostuvieron la carpa, <strong>nosotros seguimos avanzando y cumplimos con lo que hab\u00edamos prometido<\/strong>\u201d<\/em>, afirm\u00f3 Diego Robbiani a Central de Noticias.<\/p>\n<p>&nbsp;<\/p>\n<p>El funcionario se\u00f1al\u00f3 respecto al encuentro que <em>\u201caclaramos algunas pautas\u201d<\/em> y dentro del contexto planteado <em>\u201cquedaban tres familias que ten\u00edan -seg\u00fan ellos- algunos problemas habitacionales. Dos de esas familias se presentaron el pasado viernes, y <strong>quedamos en que el equipo iba a evaluar esas situaciones puntuales y ver si corresponde o no la ayuda en este caso<\/strong>\u201d<\/em>.<\/p>\n<p>&nbsp;<\/p>\n<p><img data-recalc-dims=\"1\" loading=\"lazy\" decoding=\"async\" class=\"alignnone size-full wp-image-4433\" src=\"https:\/\/i0.wp.com\/cdnoticias.com\/wp-content\/uploads\/2020\/10\/sentada10.jpg?resize=800%2C600&#038;ssl=1\" alt=\"\" width=\"800\" height=\"600\" srcset=\"https:\/\/i0.wp.com\/cdnoticias.com\/wp-content\/uploads\/2020\/10\/sentada10.jpg?w=1152&amp;ssl=1 1152w, https:\/\/i0.wp.com\/cdnoticias.com\/wp-content\/uploads\/2020\/10\/sentada10.jpg?resize=300%2C225&amp;ssl=1 300w, https:\/\/i0.wp.com\/cdnoticias.com\/wp-content\/uploads\/2020\/10\/sentada10.jpg?resize=768%2C576&amp;ssl=1 768w, https:\/\/i0.wp.com\/cdnoticias.com\/wp-content\/uploads\/2020\/10\/sentada10.jpg?resize=1024%2C768&amp;ssl=1 1024w\" sizes=\"auto, (max-width: 800px) 100vw, 800px\" \/><\/p>\n<p>&nbsp;<\/p>\n<p><strong><em>\u201cEntendemos y se dej\u00f3 de manifiesto claramente de que no habr\u00eda motivos para que hoy est\u00e9n las carpas en las puertas de la municipalidad\u201d<\/em><\/strong>, asegur\u00f3 Robbiani y agreg\u00f3: <em>\u201cse viene trabajando de la misma manera desde hace casi 5 a\u00f1os, hemos solucionado muchas cuestiones habitacionales, inclusive les aclaramos que muchas esas familias vienen siendo sostenidas desde Desarrollo Social no solamente con alimentos, sino con garrafas o con otras cuestiones b\u00e1sicas. Ninguna de esas familias tuvo un abandono de parte de la subsecretar\u00eda en este caso\u201d.<\/em><\/p>\n<p>&nbsp;<\/p>\n<p><strong>\u201cSiempre quisimos construir\u201d<\/strong><\/p>\n<p>&nbsp;<\/p>\n<p>Diego Robbiani asegur\u00f3 que vivi\u00f3 el d\u00eda de ayer <em>\u201ccon tristeza\u201d<\/em> y que <strong><em>\u201cbajo ning\u00fan punto de vista me gusta que se quieran imponer las cosas por la fuerza. Tampoco me gusta que haya habido una contienda donde gracias a dios no hubo gente que sali\u00f3 lastimada\u201d.<\/em><\/strong><\/p>\n<p>&nbsp;<\/p>\n<p><em>\u201cNadie quiere esto para la sociedad, todos trabajamos todos los d\u00edas para intentar que est\u00e9n las familias en condiciones en este contexto muy complejo. El equipo hace un esfuerzo todos los d\u00edas para que las cosas est\u00e9n bien o relativamente bien\u201d<\/em>, indic\u00f3.<\/p>\n<p>&nbsp;<\/p>\n<p><img data-recalc-dims=\"1\" loading=\"lazy\" decoding=\"async\" class=\"alignnone size-full wp-image-4419\" src=\"https:\/\/i0.wp.com\/cdnoticias.com\/wp-content\/uploads\/2020\/10\/sentada09.jpg?resize=800%2C490&#038;ssl=1\" alt=\"\" width=\"800\" height=\"490\" srcset=\"https:\/\/i0.wp.com\/cdnoticias.com\/wp-content\/uploads\/2020\/10\/sentada09.jpg?w=1152&amp;ssl=1 1152w, https:\/\/i0.wp.com\/cdnoticias.com\/wp-content\/uploads\/2020\/10\/sentada09.jpg?resize=300%2C184&amp;ssl=1 300w, https:\/\/i0.wp.com\/cdnoticias.com\/wp-content\/uploads\/2020\/10\/sentada09.jpg?resize=768%2C470&amp;ssl=1 768w, https:\/\/i0.wp.com\/cdnoticias.com\/wp-content\/uploads\/2020\/10\/sentada09.jpg?resize=1024%2C627&amp;ssl=1 1024w\" sizes=\"auto, (max-width: 800px) 100vw, 800px\" \/><\/p>\n<p>&nbsp;<\/p>\n<p>Respecto a la continuidad de la relaci\u00f3n con las familias que permanecen en el acampe frente al Palacio San Mart\u00edn se\u00f1al\u00f3 que <em>\u201cestoy con esperanza de que esta puerta de di\u00e1logo nos sirva para seguir construyendo.<strong> Siempre quisimos construir.<\/strong> Como dice Ezequiel (Galli) y yo me sumo, siempre fuimos un gobierno de puertas abiertas y de di\u00e1logo. Y as\u00ed lo vamos a seguir haciendo\u201d.<\/em><\/p>\n<p>&nbsp;<\/p>\n<p><strong>La gesti\u00f3n del conflicto<\/strong><\/p>\n<p>&nbsp;<\/p>\n<p>Consultado sobre si desde el \u00e1rea se realiz\u00f3 una evaluaci\u00f3n sobre el accionar respecto al abordaje del conflicto, asegur\u00f3 que<em> \u201csiempre conversamos, siempre hacia adentro hay cr\u00edticas de lo bueno, de lo malo, de lo positivo y de lo negativo. Si es que puede haber alg\u00fan error en el trabajo diario\u2026 el que hace se equivoca tambi\u00e9n\u201d.<\/em><\/p>\n<p>&nbsp;<\/p>\n<p>Resalt\u00f3 que <em>\u201cen la administraci\u00f3n p\u00fablica lamentablemente para poder avanzar con algunas cuestiones positivas tambi\u00e9n<strong> hay cuestiones administrativas propias del devenir normal y habitual que se ven perjudicadas por este contexto<\/strong> con falta de personal, con falta de dinero, con falta de gente, y hace que las cosas tengan un poco m\u00e1s de atraso\u201d.<\/em><\/p>\n<p>&nbsp;<\/p>\n<p><img data-recalc-dims=\"1\" loading=\"lazy\" decoding=\"async\" class=\"alignnone size-full wp-image-4449\" src=\"https:\/\/i0.wp.com\/cdnoticias.com\/wp-content\/uploads\/2020\/10\/manifestacion8.jpg?resize=800%2C600&#038;ssl=1\" alt=\"\" width=\"800\" height=\"600\" srcset=\"https:\/\/i0.wp.com\/cdnoticias.com\/wp-content\/uploads\/2020\/10\/manifestacion8.jpg?w=1152&amp;ssl=1 1152w, https:\/\/i0.wp.com\/cdnoticias.com\/wp-content\/uploads\/2020\/10\/manifestacion8.jpg?resize=300%2C225&amp;ssl=1 300w, https:\/\/i0.wp.com\/cdnoticias.com\/wp-content\/uploads\/2020\/10\/manifestacion8.jpg?resize=768%2C576&amp;ssl=1 768w, https:\/\/i0.wp.com\/cdnoticias.com\/wp-content\/uploads\/2020\/10\/manifestacion8.jpg?resize=1024%2C768&amp;ssl=1 1024w\" sizes=\"auto, (max-width: 800px) 100vw, 800px\" \/><\/p>\n<p>&nbsp;<\/p>\n<p>En relaci\u00f3n al caso puntual del acampe que desde hace m\u00e1s de 20 d\u00edas llevan adelante familias nucleadas en la Mesa de Emergencia, afirm\u00f3 que<strong><em> \u201cen estos casos hemos trabajado con diligencia, lo hemos hecho previo al armado de las carpas y lo vamos a seguir haciendo a futuro. Nos hemos puesto a la altura de las circunstancias y lo hemos resuelto de la mejor manera\u201d.<\/em><\/strong><\/p>\n<p>&nbsp;<\/p>\n<p><em>\u201cHay un universo de cuestiones que no solamente est\u00e1n relacionadas con lo habitacional y lo venimos cumpliendo. Siempre estamos al pie del ca\u00f1\u00f3n para lo que la familiar que realmente lo necesite, lo tenga\u201d<\/em>, destac\u00f3 el funcionario.<\/p>\n<p>&nbsp;<\/p>\n<p><a href=\"https:\/\/cdnoticias.com\/index.php\/2020\/10\/21\/protestas-se-inicio-una-causa-por-los-destrozos-en-el-palacio-municipal\/\" target=\"_blank\" rel=\"noopener\">Por \u00faltimo, hizo referencia a la situaci\u00f3n respecto a la protesta dentro de la municipalidad y especific\u00f3 la denuncia realizada.<\/a> \u201c<strong><em>El Palacio Municipal es de los olavarrienses, de toda la ciudad de Olavarr\u00eda y no corresponde que nadie venga a tomarlo de esa manera\u201d, <\/em><\/strong>concluy\u00f3.<\/p>\n","protected":false},"excerpt":{"rendered":"<p>&nbsp; El secretario de Desarrollo Humano y Calidad de Vida Diego Robbiani dialog\u00f3 con Central de Noticias sobre la reuni\u00f3n<\/p>\n","protected":false},"author":2,"featured_media":4582,"comment_status":"closed","ping_status":"closed","sticky":false,"template":"","format":"standard","meta":{"_jetpack_memberships_contains_paid_content":false,"footnotes":""},"categories":[5,1],"tags":[],"class_list":["post-4581","post","type-post","status-publish","format-standard","has-post-thumbnail","hentry","category-informacion-general","category-portada"],"jetpack_featured_media_url":"https:\/\/i0.wp.com\/cdnoticias.com\/wp-content\/uploads\/2020\/10\/Diego-Robbiani-1024x682.jpg?fit=1024%2C682&ssl=1","jetpack_sharing_enabled":true,"_links":{"self":[{"href":"https:\/\/cdnoticias.com\/index.php\/wp-json\/wp\/v2\/posts\/4581","targetHints":{"allow":["GET"]}}],"collection":[{"href":"https:\/\/cdnoticias.com\/index.php\/wp-json\/wp\/v2\/posts"}],"about":[{"href":"https:\/\/cdnoticias.com\/index.php\/wp-json\/wp\/v2\/types\/post"}],"author":[{"embeddable":true,"href":"https:\/\/cdnoticias.com\/index.php\/wp-json\/wp\/v2\/users\/2"}],"replies":[{"embeddable":true,"href":"https:\/\/cdnoticias.com\/index.php\/wp-json\/wp\/v2\/comments?post=4581"}],"version-history":[{"count":0,"href":"https:\/\/cdnoticias.com\/index.php\/wp-json\/wp\/v2\/posts\/4581\/revisions"}],"wp:featuredmedia":[{"embeddable":true,"href":"https:\/\/cdnoticias.com\/index.php\/wp-json\/wp\/v2\/media\/4582"}],"wp:attachment":[{"href":"https:\/\/cdnoticias.com\/index.php\/wp-json\/wp\/v2\/media?parent=4581"}],"wp:term":[{"taxonomy":"category","embeddable":true,"href":"https:\/\/cdnoticias.com\/index.php\/wp-json\/wp\/v2\/categories?post=4581"},{"taxonomy":"post_tag","embeddable":true,"href":"https:\/\/cdnoticias.com\/index.php\/wp-json\/wp\/v2\/tags?post=4581"}],"curies":[{"name":"wp","href":"https:\/\/api.w.org\/{rel}","templated":true}]}}