{"id":4579,"date":"2020-10-21T19:08:19","date_gmt":"2020-10-21T22:08:19","guid":{"rendered":"http:\/\/www.centraldenoticias.com.ar\/?p=4579"},"modified":"2020-10-21T19:08:19","modified_gmt":"2020-10-21T22:08:19","slug":"el-foro-olavarria-rechaza-todos-los-hechos-de-violencia","status":"publish","type":"post","link":"https:\/\/cdnoticias.com\/index.php\/2020\/10\/21\/el-foro-olavarria-rechaza-todos-los-hechos-de-violencia\/","title":{"rendered":"El Foro Olavarr\u00eda \u201crechaza todos los hechos de violencia\u201d"},"content":{"rendered":"<p>As\u00ed se lo manifest\u00f3 en la tarde de este mi\u00e9rcoles en un comunicado en el que adem\u00e1s \u201cllama a trabajar por una Olavarr\u00eda Unida\u201d.<!--more--><\/p>\n<hr \/>\n<p>Los graves incidentes registrados el \u00faltimo martes generaron todo tipo de r\u00e9plicas y proclamaciones. Varias de ellas te\u00f1idas de suma pol\u00e9mica, al punto de <a href=\"https:\/\/cdnoticias.com\/index.php\/2020\/10\/21\/juan-grabois-desmintio-la-vinculacion-con-los-incidentes-en-nuestra-ciudad\/\" target=\"_blank\" rel=\"noopener\">dar lugar a manifestaciones de referentes nacionales de todo el arco pol\u00edtico<\/a>.<\/p>\n<p>&nbsp;<\/p>\n<p>En el plano local tambi\u00e9n hubo manifestaciones de distintos sectores y espacios. En ese marco tambi\u00e9n se proclam\u00f3 el <strong>Foro Olavarr\u00eda, que enfatiz\u00f3 que \u201crepudiamos todos los hechos de violencia que tuvieron lugar el martes frente al Municipio\u201d.<\/strong><\/p>\n<p>&nbsp;<\/p>\n<p><img data-recalc-dims=\"1\" loading=\"lazy\" decoding=\"async\" class=\"alignnone size-large wp-image-4443\" src=\"https:\/\/i0.wp.com\/cdnoticias.com\/wp-content\/uploads\/2020\/10\/manifestacion4.jpg?resize=800%2C600&#038;ssl=1\" alt=\"\" width=\"800\" height=\"600\" srcset=\"https:\/\/i0.wp.com\/cdnoticias.com\/wp-content\/uploads\/2020\/10\/manifestacion4.jpg?resize=1024%2C768&amp;ssl=1 1024w, https:\/\/i0.wp.com\/cdnoticias.com\/wp-content\/uploads\/2020\/10\/manifestacion4.jpg?resize=300%2C225&amp;ssl=1 300w, https:\/\/i0.wp.com\/cdnoticias.com\/wp-content\/uploads\/2020\/10\/manifestacion4.jpg?resize=768%2C576&amp;ssl=1 768w, https:\/\/i0.wp.com\/cdnoticias.com\/wp-content\/uploads\/2020\/10\/manifestacion4.jpg?w=1152&amp;ssl=1 1152w\" sizes=\"auto, (max-width: 800px) 100vw, 800px\" \/><\/p>\n<p>&nbsp;<\/p>\n<p><strong>\u201cEntendemos que el di\u00e1logo y la b\u00fasqueda de soluciones y acuerdos deben ser las herramientas en este momento tan dif\u00edcil que atravesamos\u201d<\/strong>, se expres\u00f3 en el mismo escrito enviado a los medios. \u201cEn el mismo sentido volvemos a reiterar nuestra solidaridad con los trabajadores de prensa de En L\u00ednea Noticias por las agresiones sufridas durante la cobertura period\u00edstica de las manifestaciones del martes\u201d, a\u00f1adieron.<\/p>\n<p>&nbsp;<\/p>\n<p>Por \u00faltimo, se expres\u00f3 que \u201clos concejales del Foro Olavarr\u00eda, In\u00e9s Creimer y Eduardo Rodr\u00edguez, llamaron &#8220;a <strong>mantener una Olavarr\u00eda Unida frente a uno de los momentos m\u00e1s cr\u00edticos que vivimos por la pandemia y convocaron\u00a0 a todos los olavarrienses a poner por encima de toda cuesti\u00f3n secundaria el bienestar general para cuidarnos entre todos&#8221;<\/strong>.<\/p>\n","protected":false},"excerpt":{"rendered":"<p>As\u00ed se lo manifest\u00f3 en la tarde de este mi\u00e9rcoles en un comunicado en el que adem\u00e1s \u201cllama a trabajar<\/p>\n","protected":false},"author":3,"featured_media":351,"comment_status":"closed","ping_status":"closed","sticky":false,"template":"","format":"standard","meta":{"_jetpack_memberships_contains_paid_content":false,"footnotes":""},"categories":[4,1],"tags":[],"class_list":["post-4579","post","type-post","status-publish","format-standard","has-post-thumbnail","hentry","category-politica","category-portada"],"jetpack_featured_media_url":"https:\/\/i0.wp.com\/cdnoticias.com\/wp-content\/uploads\/2020\/08\/EduardoRodriguez.jpg?fit=800%2C504&ssl=1","jetpack_sharing_enabled":true,"_links":{"self":[{"href":"https:\/\/cdnoticias.com\/index.php\/wp-json\/wp\/v2\/posts\/4579","targetHints":{"allow":["GET"]}}],"collection":[{"href":"https:\/\/cdnoticias.com\/index.php\/wp-json\/wp\/v2\/posts"}],"about":[{"href":"https:\/\/cdnoticias.com\/index.php\/wp-json\/wp\/v2\/types\/post"}],"author":[{"embeddable":true,"href":"https:\/\/cdnoticias.com\/index.php\/wp-json\/wp\/v2\/users\/3"}],"replies":[{"embeddable":true,"href":"https:\/\/cdnoticias.com\/index.php\/wp-json\/wp\/v2\/comments?post=4579"}],"version-history":[{"count":0,"href":"https:\/\/cdnoticias.com\/index.php\/wp-json\/wp\/v2\/posts\/4579\/revisions"}],"wp:featuredmedia":[{"embeddable":true,"href":"https:\/\/cdnoticias.com\/index.php\/wp-json\/wp\/v2\/media\/351"}],"wp:attachment":[{"href":"https:\/\/cdnoticias.com\/index.php\/wp-json\/wp\/v2\/media?parent=4579"}],"wp:term":[{"taxonomy":"category","embeddable":true,"href":"https:\/\/cdnoticias.com\/index.php\/wp-json\/wp\/v2\/categories?post=4579"},{"taxonomy":"post_tag","embeddable":true,"href":"https:\/\/cdnoticias.com\/index.php\/wp-json\/wp\/v2\/tags?post=4579"}],"curies":[{"name":"wp","href":"https:\/\/api.w.org\/{rel}","templated":true}]}}