{"id":45776,"date":"2022-02-05T17:56:30","date_gmt":"2022-02-05T20:56:30","guid":{"rendered":"https:\/\/www.centraldenoticias.com.ar\/?p=45776"},"modified":"2022-02-06T09:05:10","modified_gmt":"2022-02-06T12:05:10","slug":"saul-joaquin-bahia-q-e-p-d","status":"publish","type":"post","link":"https:\/\/cdnoticias.com\/index.php\/2022\/02\/05\/saul-joaquin-bahia-q-e-p-d\/","title":{"rendered":"Sa\u00fal Joaqu\u00edn Bah\u00eda (Q.E.P.D.)"},"content":{"rendered":"<p>Falleci\u00f3 en La Plata el 1 febrero a los 70 a\u00f1os de edad. Su esposa Dora Rodr\u00edguez; sus hijas Sandra, Patricia y Florencia; su nieta Priscila; su hermana Elena; sus sobrinos; sus cu\u00f1ados y dem\u00e1s deudos participan de su fallecimiento.<\/p>\n<p>&nbsp;<\/p>\n<p>Sus restos ser\u00e1n velados en Espa\u00f1a 2942 departamento &#8220;D&#8221; de 18 a 22, y ser\u00e1n inhumados en el cementerio Loma de Paz, este domingo 6 de febrero a las 10:30. Vecino de Barrio Santa Isabel. Nacido en Olavarr\u00eda. Jubilado.<\/p>\n","protected":false},"excerpt":{"rendered":"<p>Falleci\u00f3 en La Plata el 1 febrero a los 70 a\u00f1os de edad. Su esposa Dora Rodr\u00edguez; sus hijas Sandra,<\/p>\n","protected":false},"author":5,"featured_media":0,"comment_status":"closed","ping_status":"closed","sticky":false,"template":"","format":"standard","meta":{"_jetpack_memberships_contains_paid_content":false,"footnotes":""},"categories":[10],"tags":[],"class_list":["post-45776","post","type-post","status-publish","format-standard","hentry","category-necrologicas"],"jetpack_featured_media_url":"","jetpack_sharing_enabled":true,"_links":{"self":[{"href":"https:\/\/cdnoticias.com\/index.php\/wp-json\/wp\/v2\/posts\/45776","targetHints":{"allow":["GET"]}}],"collection":[{"href":"https:\/\/cdnoticias.com\/index.php\/wp-json\/wp\/v2\/posts"}],"about":[{"href":"https:\/\/cdnoticias.com\/index.php\/wp-json\/wp\/v2\/types\/post"}],"author":[{"embeddable":true,"href":"https:\/\/cdnoticias.com\/index.php\/wp-json\/wp\/v2\/users\/5"}],"replies":[{"embeddable":true,"href":"https:\/\/cdnoticias.com\/index.php\/wp-json\/wp\/v2\/comments?post=45776"}],"version-history":[{"count":0,"href":"https:\/\/cdnoticias.com\/index.php\/wp-json\/wp\/v2\/posts\/45776\/revisions"}],"wp:attachment":[{"href":"https:\/\/cdnoticias.com\/index.php\/wp-json\/wp\/v2\/media?parent=45776"}],"wp:term":[{"taxonomy":"category","embeddable":true,"href":"https:\/\/cdnoticias.com\/index.php\/wp-json\/wp\/v2\/categories?post=45776"},{"taxonomy":"post_tag","embeddable":true,"href":"https:\/\/cdnoticias.com\/index.php\/wp-json\/wp\/v2\/tags?post=45776"}],"curies":[{"name":"wp","href":"https:\/\/api.w.org\/{rel}","templated":true}]}}