{"id":4577,"date":"2020-10-21T18:38:49","date_gmt":"2020-10-21T21:38:49","guid":{"rendered":"http:\/\/www.centraldenoticias.com.ar\/?p=4577"},"modified":"2020-10-21T18:38:49","modified_gmt":"2020-10-21T21:38:49","slug":"juntos-por-el-cambio-lleva-al-hcd-el-repudio-por-los-incidentes-del-martes","status":"publish","type":"post","link":"https:\/\/cdnoticias.com\/index.php\/2020\/10\/21\/juntos-por-el-cambio-lleva-al-hcd-el-repudio-por-los-incidentes-del-martes\/","title":{"rendered":"Juntos por el Cambio lleva al HCD el repudio por los incidentes del martes"},"content":{"rendered":"<p>El espacio oficialista anticip\u00f3 que este jueves presentar\u00e1 un proyecto de comunicaci\u00f3n acerca de los hechos registrados tanto en el interior como en las afueras del palacio municipal.<\/p>\n<p><!--more--><\/p>\n<hr \/>\n<p>Juntos por el Cambio emiti\u00f3 en las \u00faltimas horas un comunicado en el que se detall\u00f3 un proyecto de comunicaci\u00f3n que ser\u00e1 presentado en la sesi\u00f3n del Concejo Deliberante que se llevar\u00e1 a cabo este jueves. Se trata de un repudio por los incidentes ocurridos en el marco de la protestas en el Palacio Municipal, adem\u00e1s de solidarizarse con el medio <a href=\"https:\/\/enlineanoticias.com.ar\/haciendo-lo-que-sabemos-hacer\/\" target=\"_blank\" rel=\"noopener\">En Linea Noticias, que fue agredido por manifestantes y sufri\u00f3 importantes da\u00f1os en sus equipos de transmisi\u00f3n.<\/a><\/p>\n<p>&nbsp;<\/p>\n<p><strong>\u201cNo podemos aceptar este accionar intimidatorio, por m\u00e1s genuino que sean los reclamos, naturalizando la irrupci\u00f3n de vecinos en el edificio municipal, patrimonio de todos los olavarrienses, hecho que constituye un atropello a las instituciones y vecinos de Olavarr\u00eda\u201d<\/strong>, se enfatiz\u00f3 desde el espacio en el inicio de los \u201cconsiderando\u201d del escrito, tras una breve introducci\u00f3n en la que se aludi\u00f3 a la <a href=\"https:\/\/cdnoticias.com\/index.php\/2020\/10\/20\/sentada-de-los-manifestantes-del-acampe-en-el-municipio-pidieron-hablar-con-galli\/\" target=\"_blank\" rel=\"noopener\">\u201csentada\u201d realizada por manifestantes frente al ingreso al despacho del intendente municipal.<\/a><\/p>\n<p>&nbsp;<\/p>\n<p><img data-recalc-dims=\"1\" loading=\"lazy\" decoding=\"async\" class=\"alignnone size-large wp-image-2709\" src=\"https:\/\/i0.wp.com\/cdnoticias.com\/wp-content\/uploads\/2020\/09\/Concejo-Generica.jpg?resize=800%2C534&#038;ssl=1\" alt=\"\" width=\"800\" height=\"534\" srcset=\"https:\/\/i0.wp.com\/cdnoticias.com\/wp-content\/uploads\/2020\/09\/Concejo-Generica.jpg?resize=1024%2C683&amp;ssl=1 1024w, https:\/\/i0.wp.com\/cdnoticias.com\/wp-content\/uploads\/2020\/09\/Concejo-Generica.jpg?resize=300%2C200&amp;ssl=1 300w, https:\/\/i0.wp.com\/cdnoticias.com\/wp-content\/uploads\/2020\/09\/Concejo-Generica.jpg?resize=768%2C512&amp;ssl=1 768w, https:\/\/i0.wp.com\/cdnoticias.com\/wp-content\/uploads\/2020\/09\/Concejo-Generica.jpg?resize=272%2C182&amp;ssl=1 272w, https:\/\/i0.wp.com\/cdnoticias.com\/wp-content\/uploads\/2020\/09\/Concejo-Generica.jpg?w=1600&amp;ssl=1 1600w, https:\/\/i0.wp.com\/cdnoticias.com\/wp-content\/uploads\/2020\/09\/Concejo-Generica.jpg?w=2400&amp;ssl=1 2400w\" sizes=\"auto, (max-width: 800px) 100vw, 800px\" \/><\/p>\n<p>&nbsp;<\/p>\n<p>En la continuidad del proyecto se refirieron tambi\u00e9n a la <a href=\"https:\/\/cdnoticias.com\/index.php\/2020\/10\/20\/manifestacion-contra-el-abuso-policial-no-le-tengo-miedo-a-la-policia-no-me-voy-a-quedar-callada\/\" target=\"_blank\" rel=\"noopener\">marcha contra la violencia policial<\/a>. <strong>\u201cOtro reclamo de la comunidad se traslad\u00f3 a las puertas del Municipio, en el que manifestantes provocaron da\u00f1os en el edificio y la violencia fue la protagonista de una protesta en la que el Municipio no tiene injerencia\u201d<\/strong>, se expres\u00f3.<\/p>\n<p>&nbsp;<\/p>\n<p>Con todo ello, en la sesi\u00f3n de este jueves buscar\u00e1n que, por un lado, <strong>\u201cel Honorable Concejo Deliberante de Olavarr\u00eda manifiesta su repudio ante la toma del edificio del Palacio San Mart\u00edn ocurrida el martes 20 de octubre, por parte de vecinos de la ciudad de Olavarr\u00eda en el marco de la protesta impulsada por la Mesa de Emergencia local\u201d.<\/strong><\/p>\n<p>&nbsp;<\/p>\n<p>Por el otro, que <strong>\u201cel Honorable Concejo Deliberante de Olavarr\u00eda manifiesta su apoyo y solidaridad para con el equipo de prensa de \u201cEn L\u00ednea Noticias\u201d por las agresiones sufridas durante la cobertura que los medios de comunicaci\u00f3n local realizaban, relacionadas al reclamo por el accionar de la Polic\u00eda de la Provincia de Buenos Aires\u201d.<\/strong><\/p>\n<p>&nbsp;<\/p>\n","protected":false},"excerpt":{"rendered":"<p>El espacio oficialista anticip\u00f3 que este jueves presentar\u00e1 un proyecto de comunicaci\u00f3n acerca de los hechos registrados tanto en el<\/p>\n","protected":false},"author":3,"featured_media":4462,"comment_status":"closed","ping_status":"closed","sticky":false,"template":"","format":"standard","meta":{"_jetpack_memberships_contains_paid_content":false,"footnotes":""},"categories":[4,1],"tags":[],"class_list":["post-4577","post","type-post","status-publish","format-standard","has-post-thumbnail","hentry","category-politica","category-portada"],"jetpack_featured_media_url":"https:\/\/i0.wp.com\/cdnoticias.com\/wp-content\/uploads\/2020\/10\/manifestacion15.jpg?fit=1152%2C864&ssl=1","jetpack_sharing_enabled":true,"_links":{"self":[{"href":"https:\/\/cdnoticias.com\/index.php\/wp-json\/wp\/v2\/posts\/4577","targetHints":{"allow":["GET"]}}],"collection":[{"href":"https:\/\/cdnoticias.com\/index.php\/wp-json\/wp\/v2\/posts"}],"about":[{"href":"https:\/\/cdnoticias.com\/index.php\/wp-json\/wp\/v2\/types\/post"}],"author":[{"embeddable":true,"href":"https:\/\/cdnoticias.com\/index.php\/wp-json\/wp\/v2\/users\/3"}],"replies":[{"embeddable":true,"href":"https:\/\/cdnoticias.com\/index.php\/wp-json\/wp\/v2\/comments?post=4577"}],"version-history":[{"count":0,"href":"https:\/\/cdnoticias.com\/index.php\/wp-json\/wp\/v2\/posts\/4577\/revisions"}],"wp:featuredmedia":[{"embeddable":true,"href":"https:\/\/cdnoticias.com\/index.php\/wp-json\/wp\/v2\/media\/4462"}],"wp:attachment":[{"href":"https:\/\/cdnoticias.com\/index.php\/wp-json\/wp\/v2\/media?parent=4577"}],"wp:term":[{"taxonomy":"category","embeddable":true,"href":"https:\/\/cdnoticias.com\/index.php\/wp-json\/wp\/v2\/categories?post=4577"},{"taxonomy":"post_tag","embeddable":true,"href":"https:\/\/cdnoticias.com\/index.php\/wp-json\/wp\/v2\/tags?post=4577"}],"curies":[{"name":"wp","href":"https:\/\/api.w.org\/{rel}","templated":true}]}}