{"id":45766,"date":"2022-02-05T17:09:21","date_gmt":"2022-02-05T20:09:21","guid":{"rendered":"https:\/\/www.centraldenoticias.com.ar\/?p=45766"},"modified":"2022-02-05T21:05:03","modified_gmt":"2022-02-06T00:05:03","slug":"fallecieron-dos-personas-con-coronavirus-en-las-ultimas-24-horas","status":"publish","type":"post","link":"https:\/\/cdnoticias.com\/index.php\/2022\/02\/05\/fallecieron-dos-personas-con-coronavirus-en-las-ultimas-24-horas\/","title":{"rendered":"Fallecieron dos personas con coronavirus en las \u00faltimas 24 horas"},"content":{"rendered":"<p>As\u00ed lo inform\u00f3 la Secretar\u00eda de Salud del Municipio. Se trata de dos hombres de 60 y 69 a\u00f1os. En el Hospital Municipal hay 20 personas que transitan la enfermedad internadas.<!--more--><\/p>\n<hr \/>\n<p>En las \u00faltimas 24 horas <strong>fallecieron dos personas con coronavirus<\/strong> que estaban internadas en el Hospital Municipal: <strong>un paciente de 60 a\u00f1os que presentaba comorbilidades previas<\/strong> y una dosis de la vacuna contra el Covid19; <strong>y otro paciente de 69 a\u00f1os con ingreso el pasado 1\u00b0 de febrero por neumon\u00eda,<\/strong> con una dosis de la vacuna contra el Covid19.<\/p>\n<p>&nbsp;<\/p>\n<p>En cuanto a los testeos analizados en el d\u00eda de la fecha, se indic\u00f3 que <strong>sobre un total de 58 hisopados, 27 fueron positivos y 31 negativos para Covid19.<\/strong> En ese sentido, la positividad de la jornada fue del 47%.<\/p>\n<p>&nbsp;<\/p>\n<p><img data-recalc-dims=\"1\" loading=\"lazy\" decoding=\"async\" class=\"aligncenter wp-image-45769 size-large\" src=\"https:\/\/i0.wp.com\/cdnoticias.com\/wp-content\/uploads\/2022\/02\/WhatsApp-Image-2022-02-05-at-17.04.13.jpeg?resize=800%2C800&#038;ssl=1\" alt=\"\" width=\"800\" height=\"800\" srcset=\"https:\/\/i0.wp.com\/cdnoticias.com\/wp-content\/uploads\/2022\/02\/WhatsApp-Image-2022-02-05-at-17.04.13.jpeg?resize=1024%2C1024&amp;ssl=1 1024w, https:\/\/i0.wp.com\/cdnoticias.com\/wp-content\/uploads\/2022\/02\/WhatsApp-Image-2022-02-05-at-17.04.13.jpeg?resize=300%2C300&amp;ssl=1 300w, https:\/\/i0.wp.com\/cdnoticias.com\/wp-content\/uploads\/2022\/02\/WhatsApp-Image-2022-02-05-at-17.04.13.jpeg?resize=150%2C150&amp;ssl=1 150w, https:\/\/i0.wp.com\/cdnoticias.com\/wp-content\/uploads\/2022\/02\/WhatsApp-Image-2022-02-05-at-17.04.13.jpeg?resize=768%2C768&amp;ssl=1 768w, https:\/\/i0.wp.com\/cdnoticias.com\/wp-content\/uploads\/2022\/02\/WhatsApp-Image-2022-02-05-at-17.04.13.jpeg?w=1200&amp;ssl=1 1200w\" sizes=\"auto, (max-width: 800px) 100vw, 800px\" \/><\/p>\n<p>&nbsp;<\/p>\n<p>Este s\u00e1bado recibieron el alta m\u00e9dica 187 personas, por lo que<strong> son 691 los pacientes que transitan el Coronavirus en Olavarr\u00eda: el 76% tiene menos de 60 a\u00f1os.<\/strong><\/p>\n<p>&nbsp;<\/p>\n<p>En el Hospital Municipal \u201cDr. H\u00e9ctor M. Cura\u201d <strong>hay 20 personas internadas:<\/strong> 3 en la Unidad de Terapia Intensiva, 15 en Cuidados Generales y 2 en Pediatr\u00eda.<\/p>\n<p>&nbsp;<\/p>\n<p><img data-recalc-dims=\"1\" loading=\"lazy\" decoding=\"async\" class=\"aligncenter wp-image-45768 size-large\" src=\"https:\/\/i0.wp.com\/cdnoticias.com\/wp-content\/uploads\/2022\/02\/WhatsApp-Image-2022-02-05-at-17.03.48.jpeg?resize=800%2C800&#038;ssl=1\" alt=\"\" width=\"800\" height=\"800\" srcset=\"https:\/\/i0.wp.com\/cdnoticias.com\/wp-content\/uploads\/2022\/02\/WhatsApp-Image-2022-02-05-at-17.03.48.jpeg?resize=1024%2C1024&amp;ssl=1 1024w, https:\/\/i0.wp.com\/cdnoticias.com\/wp-content\/uploads\/2022\/02\/WhatsApp-Image-2022-02-05-at-17.03.48.jpeg?resize=300%2C300&amp;ssl=1 300w, https:\/\/i0.wp.com\/cdnoticias.com\/wp-content\/uploads\/2022\/02\/WhatsApp-Image-2022-02-05-at-17.03.48.jpeg?resize=150%2C150&amp;ssl=1 150w, https:\/\/i0.wp.com\/cdnoticias.com\/wp-content\/uploads\/2022\/02\/WhatsApp-Image-2022-02-05-at-17.03.48.jpeg?resize=768%2C768&amp;ssl=1 768w, https:\/\/i0.wp.com\/cdnoticias.com\/wp-content\/uploads\/2022\/02\/WhatsApp-Image-2022-02-05-at-17.03.48.jpeg?w=1200&amp;ssl=1 1200w\" sizes=\"auto, (max-width: 800px) 100vw, 800px\" \/><\/p>\n<p>&nbsp;<\/p>\n<p>Afirmaron que la incidencia de los casos en la semana fue de 89.1 (riesgo medio) y la raz\u00f3n de los casos de 0.4 (riesgo bajo).<\/p>\n","protected":false},"excerpt":{"rendered":"<p>As\u00ed lo inform\u00f3 la Secretar\u00eda de Salud del Municipio. Se trata de dos hombres de 60 y 69 a\u00f1os. En<\/p>\n","protected":false},"author":5,"featured_media":21523,"comment_status":"closed","ping_status":"closed","sticky":false,"template":"","format":"standard","meta":{"_jetpack_memberships_contains_paid_content":false,"footnotes":""},"categories":[16,1],"tags":[],"class_list":["post-45766","post","type-post","status-publish","format-standard","has-post-thumbnail","hentry","category-covid-19","category-portada"],"jetpack_featured_media_url":"https:\/\/i0.wp.com\/cdnoticias.com\/wp-content\/uploads\/2021\/05\/hospital-respiradores5.jpg?fit=800%2C445&ssl=1","jetpack_sharing_enabled":true,"_links":{"self":[{"href":"https:\/\/cdnoticias.com\/index.php\/wp-json\/wp\/v2\/posts\/45766","targetHints":{"allow":["GET"]}}],"collection":[{"href":"https:\/\/cdnoticias.com\/index.php\/wp-json\/wp\/v2\/posts"}],"about":[{"href":"https:\/\/cdnoticias.com\/index.php\/wp-json\/wp\/v2\/types\/post"}],"author":[{"embeddable":true,"href":"https:\/\/cdnoticias.com\/index.php\/wp-json\/wp\/v2\/users\/5"}],"replies":[{"embeddable":true,"href":"https:\/\/cdnoticias.com\/index.php\/wp-json\/wp\/v2\/comments?post=45766"}],"version-history":[{"count":0,"href":"https:\/\/cdnoticias.com\/index.php\/wp-json\/wp\/v2\/posts\/45766\/revisions"}],"wp:featuredmedia":[{"embeddable":true,"href":"https:\/\/cdnoticias.com\/index.php\/wp-json\/wp\/v2\/media\/21523"}],"wp:attachment":[{"href":"https:\/\/cdnoticias.com\/index.php\/wp-json\/wp\/v2\/media?parent=45766"}],"wp:term":[{"taxonomy":"category","embeddable":true,"href":"https:\/\/cdnoticias.com\/index.php\/wp-json\/wp\/v2\/categories?post=45766"},{"taxonomy":"post_tag","embeddable":true,"href":"https:\/\/cdnoticias.com\/index.php\/wp-json\/wp\/v2\/tags?post=45766"}],"curies":[{"name":"wp","href":"https:\/\/api.w.org\/{rel}","templated":true}]}}