{"id":45744,"date":"2022-02-05T10:34:24","date_gmt":"2022-02-05T13:34:24","guid":{"rendered":"https:\/\/www.centraldenoticias.com.ar\/?p=45744"},"modified":"2022-02-05T12:49:49","modified_gmt":"2022-02-05T15:49:49","slug":"con-un-fuerte-pedido-de-justicia-el-hcd-aprobo-la-comision-que-investigara-la-venta-de-terrenos","status":"publish","type":"post","link":"https:\/\/cdnoticias.com\/index.php\/2022\/02\/05\/con-un-fuerte-pedido-de-justicia-el-hcd-aprobo-la-comision-que-investigara-la-venta-de-terrenos\/","title":{"rendered":"Con un fuerte pedido de Justicia, el HCD aprob\u00f3 la comisi\u00f3n que investigar\u00e1 la venta de terrenos"},"content":{"rendered":"<p><span style=\"color: #050505;\"><span style=\"font-family: Segoe UI Historic, Segoe UI, Helvetica, Arial, sans-serif;\"><span style=\"font-size: medium;\">Hubo un proyecto unificado consensuado entre los bloques. Se repas\u00f3 el camino que llev\u00f3 hasta la sesi\u00f3n y se apunto contra el rol del Municipio. El lunes se elegir\u00e1n las autoridades.\u00a0<\/span><\/span><\/span><br \/>\n<!--more--><\/p>\n<hr \/>\n<p>En el marco de un importante consenso pero tambi\u00e9n de algunas posturas firmes y acusaciones, <strong>el Concejo Deliberante aprob\u00f3 por unanimidad un proyecto unificado que crea una comisi\u00f3n investigadora de la venta ilegal de terrenos en el Partido de Olavarr\u00eda. El lunes, en tanto, se definir\u00e1n las autoridades.<\/strong><\/p>\n<p>&nbsp;<\/p>\n<p>Tras las cuestiones de forma, <strong>la concejala que present\u00f3 el proyecto y m\u00e1s se extendi\u00f3 en oratoria fue Mercedes Land\u00edvar (Frente de Todos)<\/strong> quien contextualiz\u00f3 y dio las razones por las cuales el espacio pol\u00edtico impuls\u00f3 la comisi\u00f3n.<\/p>\n<p>&nbsp;<\/p>\n<p>Agradeci\u00f3 a los compa\u00f1eros y compa\u00f1eras de interbloque y contextualiz\u00f3 las razones por las cuales se lleg\u00f3 a esta sesi\u00f3n. <strong><em>\u201cHace aproximadamente dos a\u00f1os que est\u00e1 instalado entre los vecinos y vecinas comentarios, rumores, referidos a la venta de terrenos y que hab\u00edan sido estafados\u201d.<\/em><\/strong><\/p>\n<p>&nbsp;<\/p>\n<p><img data-recalc-dims=\"1\" loading=\"lazy\" decoding=\"async\" class=\"alignnone size-large wp-image-45750\" src=\"https:\/\/i0.wp.com\/cdnoticias.com\/wp-content\/uploads\/2022\/02\/WhatsApp-Image-2022-02-05-at-09.36.35.jpeg?resize=800%2C600&#038;ssl=1\" alt=\"\" width=\"800\" height=\"600\" srcset=\"https:\/\/i0.wp.com\/cdnoticias.com\/wp-content\/uploads\/2022\/02\/WhatsApp-Image-2022-02-05-at-09.36.35.jpeg?resize=1024%2C768&amp;ssl=1 1024w, https:\/\/i0.wp.com\/cdnoticias.com\/wp-content\/uploads\/2022\/02\/WhatsApp-Image-2022-02-05-at-09.36.35.jpeg?resize=300%2C225&amp;ssl=1 300w, https:\/\/i0.wp.com\/cdnoticias.com\/wp-content\/uploads\/2022\/02\/WhatsApp-Image-2022-02-05-at-09.36.35.jpeg?resize=768%2C576&amp;ssl=1 768w, https:\/\/i0.wp.com\/cdnoticias.com\/wp-content\/uploads\/2022\/02\/WhatsApp-Image-2022-02-05-at-09.36.35.jpeg?w=1152&amp;ssl=1 1152w\" sizes=\"auto, (max-width: 800px) 100vw, 800px\" \/><\/p>\n<p>&nbsp;<\/p>\n<p>Algunas de estas manifestaciones <em>\u201cse configuraron en una denuncia y hasta que esto no sali\u00f3 a la luz en los medios no tuvo un avance concreto y necesario\u201d<\/em>. Tambi\u00e9n mencion\u00f3 la acusaci\u00f3n p\u00fablica de la Mesa de Emergencia que <strong><em>\u201cdenunciaron la venta de terrenos fiscales a precios bajos en comparaci\u00f3n a lo que el mercado inmobiliario fij\u00f3. Manifestaron que se involucraron personas cercanas al gobierno municipal, los lotes eran entregados a dedo y a pesar de estas graves acusaciones no hubo respuesta oficial ni avances en la investigaci\u00f3n\u201d.<\/em><\/strong><\/p>\n<p>&nbsp;<\/p>\n<p>Bajo este contexto acus\u00f3 al Municipio de no realizar<em> \u201cuna publicidad necesaria para que los vecinos est\u00e9n informados de c\u00f3mo proceder ante una compra-venta de inmuebles. No queremos que esto se haga de forma espasm\u00f3dica, sino que debe ser rutinario y sistem\u00e1tico\u201d.<\/em><\/p>\n<p>&nbsp;<\/p>\n<p>Con todo ello, este 2022 <em>\u201chemos sido testigos de nuevas denuncias p\u00fablicas, los vecinos han relatado c\u00f3mo han sido estafados en la venta de terrenos. Indicaron a una persona responsable de la venta irregular. Siempre culmina con el enga\u00f1o de la persona se\u00f1alada. Esta persona ha manifestado todo el tiempo tener una supuesta relaci\u00f3n con la fuerza que gobierna la ciudad\u201d<\/em> y todas estas denuncias <em>\u201cnos impulsaron a pensar con qu\u00e9 herramientas cont\u00e1bamos y c\u00f3mo proceder ante nuestro deber de funcionarios\u201d.<\/em><\/p>\n<p>&nbsp;<\/p>\n<blockquote><p><em>\u201cEsta herramienta de la comisi\u00f3n es la que creemos que es la m\u00e1s acertada. Creemos que de esta forma se puede institucionalizar el trabajo necesario para recabar informaci\u00f3n con la participaci\u00f3n de todos los bloques. Una comisi\u00f3n abierta a la comunidad, escuchar a los damnificados, escuchar a funcionarios, terceros interesados, organismos entendidos en el tema\u201d.<\/em><\/p><\/blockquote>\n<p>&nbsp;<\/p>\n<p>Land\u00edvar confirm\u00f3 que<strong><em> \u201ctodos los d\u00edas siguen llegando casos y v\u00edctimas del mismo esquema delictivo&#8221;<\/em><\/strong> y que <em>\u201cdetr\u00e1s de cada caso hay una historia de vida, una historia familiar y econ\u00f3mica que deja entrever una situaci\u00f3n de necesidad, vulnerabilidad e ilusi\u00f3n\u201d.<\/em><\/p>\n<p>&nbsp;<\/p>\n<p>Incluso, profundiz\u00f3 sobre esta situaci\u00f3n y dijo que los damnificados<em> \u201ceran gente que apost\u00f3 el \u00fanico ahorro que ten\u00eda. Enga\u00f1ados por una persona organizada y con la participaci\u00f3n con distintos actores. Informes de dominio, copias de planchuela digital, copia de planos, boletos de compra venta de por medio, cesi\u00f3n de derechos certificado en una escriban\u00eda. Todo para generar confianza. Se encontraron al final con que los terrenos ten\u00edan due\u00f1o, estaban reclamando. <strong>\u00bfCu\u00e1ntas personas que ya saben que los terrenos tienen due\u00f1o y ya construyeron y tienen miedo a denunciar por perder ese lugar, ese sue\u00f1o que est\u00e1n concretando?<\/strong>\u201d<\/em> se pregunt\u00f3<\/p>\n<p>&nbsp;<\/p>\n<blockquote><p>Y ahond\u00f3 en los testimonios: <strong><em>\u201cen cada relato se puede escuchar frases que se repiten. \u201cTengo contactos adentro que me pasan de terrenos municipales\u201d, \u201cestoy en pol\u00edtica\u201d, \u201cEsper\u00e1 que pase la campa\u00f1a y hablamos\u201d, \u201csoy l\u00edder barrial y trabajo en el Municipio\u201d\u201d.<\/em><\/strong><\/p><\/blockquote>\n<p>&nbsp;<\/p>\n<p>Tambi\u00e9n se\u00f1al\u00f3 que<em> \u201cen las redes sociales del vendedor ellos ingresaban y se encontraban con una serie de fotos donde se encontraba abrazando a funcionarios de la gesti\u00f3n y hasta el Intendente. <strong>\u00bfPodemos decir que cualquiera puede inventar esta historia? S\u00ed, por supuesto, \u00bfcualquiera puede sacarse fotos con el Intendente? Tambi\u00e9n. Pero es un dato que a los damnificados les generaba confianza\u201d.<\/strong><\/em><\/p>\n<p>&nbsp;<\/p>\n<blockquote><p>En el repaso del caso indic\u00f3 que el principal acusado <em>\u201cmanifestaba ser l\u00edder barrial, ten\u00edan una agrupaci\u00f3n vecinal. Dos a\u00f1os manifest\u00f3 en los medios, en redes, en fotos con funcionarios, e incluso dijo que trabajaba en conjunto con la Municipalidad y se lo vio con bolsones de alimentos con el logo de la Municipalidad\u201d.<\/em><\/p><\/blockquote>\n<p>&nbsp;<\/p>\n<p>Land\u00edvar describi\u00f3 el<strong><em> \u201cmodus operandi\u201d<\/em><\/strong> del acusado: <em>\u201cdec\u00eda tener una supuesta relaci\u00f3n con funcionarios municipales y que logra acceder a informaci\u00f3n de los terrenos que ofrece. Varios terrenos en diferentes puntos de la ciudad. De 500 a 800 mil pesos por terreno, algo muy bajo con respecto al mercado local. Contacto con miembros de Coopelectric para la bajada de electricidad. Los que compran los terrenos no tienen los papeles necesarios para escriturar. Despu\u00e9s de esto aparece el due\u00f1o del terreno, y luego los damnificados no pueden contactarse con el vendedor\u201d.<\/em><\/p>\n<p>&nbsp;<\/p>\n<p>Adem\u00e1s, introdujo a los miembros de las fuerzas de Seguridad Local y Provincial en esta situaci\u00f3n: <em>\u201cA esto debemos sumarle que recientemente el abogado de uno de los denunciados expres\u00f3 en reiteradas notas period\u00edsticas que su cliente est\u00e1 relacionado con un actual y un ex funcionario municipal y que contaba con apoyo e informaci\u00f3n dentro del Municipio\u201d.<\/em><\/p>\n<p>&nbsp;<\/p>\n<p><em>\u201cEstamos ante un claro hecho de corrupci\u00f3n que necesita la celeridad para que se devele cu\u00e1les son las responsabilidades. Desde 2020 que hab\u00eda denuncias en fiscal\u00edas, en Comisar\u00edas (y que no hab\u00edan dado un giro a fiscal\u00eda). Lo recaudado por este grupo asciende a millones de pesos. Estamos ante delincuentes que estafaron de forma organizada y estrat\u00e9gica a vecinos de nuestra ciudad. Que se conozca cada uno de los actores que integraban esta relaci\u00f3n, qu\u00e9 rol cumpl\u00eda y c\u00f3mo funcionaba si es que exist\u00eda un modo de recaudaci\u00f3n para beneficio de qui\u00e9n o quienes\u201d.<\/em><\/p>\n<p>&nbsp;<\/p>\n<p>Para cerrar, se\u00f1al\u00f3 que <strong><em>\u201cno queremos que se corte el hilo por lo m\u00e1s delgado: nadie puede en soledad estafar a decenas y decenas de personas durante dos a\u00f1os en la ciudad\u201d<\/em> <\/strong>deslizando que habr\u00eda m\u00e1s personas involucradas en esta situaci\u00f3n.<\/p>\n<p>&nbsp;<\/p>\n<p>Finalmente, destac\u00f3 los aportes realizados por Juntos y valor\u00f3 <em>\u201cque hayamos podido ponernos de acuerdo, considero que cada concejal y concejala piensa que debemos aportar y esclarecer de manera urgente esta situaci\u00f3n\u201d.<\/em><\/p>\n<p>&nbsp;<\/p>\n<p><em>\u201cTienen nuestro compromiso de trabajar con responsabilidad, celeridad, respetando las formas necesarias para que el resultado del trabajo sea un documento que re\u00fana la mayor cantidad de elementos, testimonios, informes y documentos necesarios para lograr un dictamen serio\u201d<\/em> cerr\u00f3.<\/p>\n<p>&nbsp;<\/p>\n<p><strong>Bel\u00e9n Vergel (UCR)<\/strong> resalt\u00f3 el aporte a la comisi\u00f3n realizado por su espacio, con la propuesta de <em>\u201cla elaboraci\u00f3n de un informe exhaustivo, y pedimos que sea remitido a la Justicia. Acompa\u00f1amos las modificaciones y valoramos el consenso que hubo en todo el cuerpo\u201d.<\/em><\/p>\n<p>&nbsp;<\/p>\n<p><img data-recalc-dims=\"1\" loading=\"lazy\" decoding=\"async\" class=\"alignnone size-large wp-image-45753\" src=\"https:\/\/i0.wp.com\/cdnoticias.com\/wp-content\/uploads\/2022\/02\/Belen-Vergel.jpg?resize=800%2C534&#038;ssl=1\" alt=\"\" width=\"800\" height=\"534\" srcset=\"https:\/\/i0.wp.com\/cdnoticias.com\/wp-content\/uploads\/2022\/02\/Belen-Vergel-scaled.jpg?resize=1024%2C684&amp;ssl=1 1024w, https:\/\/i0.wp.com\/cdnoticias.com\/wp-content\/uploads\/2022\/02\/Belen-Vergel-scaled.jpg?resize=300%2C201&amp;ssl=1 300w, https:\/\/i0.wp.com\/cdnoticias.com\/wp-content\/uploads\/2022\/02\/Belen-Vergel-scaled.jpg?resize=768%2C513&amp;ssl=1 768w, https:\/\/i0.wp.com\/cdnoticias.com\/wp-content\/uploads\/2022\/02\/Belen-Vergel-scaled.jpg?resize=1536%2C1027&amp;ssl=1 1536w, https:\/\/i0.wp.com\/cdnoticias.com\/wp-content\/uploads\/2022\/02\/Belen-Vergel-scaled.jpg?resize=2048%2C1369&amp;ssl=1 2048w, https:\/\/i0.wp.com\/cdnoticias.com\/wp-content\/uploads\/2022\/02\/Belen-Vergel-scaled.jpg?resize=272%2C182&amp;ssl=1 272w, https:\/\/i0.wp.com\/cdnoticias.com\/wp-content\/uploads\/2022\/02\/Belen-Vergel-scaled.jpg?w=1600&amp;ssl=1 1600w, https:\/\/i0.wp.com\/cdnoticias.com\/wp-content\/uploads\/2022\/02\/Belen-Vergel-scaled.jpg?w=2400&amp;ssl=1 2400w\" sizes=\"auto, (max-width: 800px) 100vw, 800px\" \/><\/p>\n<p>&nbsp;<\/p>\n<p><em>\u201cAnhelamos que la comisi\u00f3n tenga un fin eficaz y que colabore con la Justicia, sino solo tendr\u00e1 un fin pol\u00edtico. Pocos casos llegaron a la Justicia y debemos dar seguridad para que los vecinos denuncien estas ventas. Los compradores vieron la posibilidad de tener un terreno, un pedazo de tierra. Confi\u00f3, que la gran ilusi\u00f3n no le permiti\u00f3 pensar o proyectar que estaba a punto de ser v\u00edctima de un hecho il\u00edcito\u201d<\/em> cerr\u00f3.<\/p>\n<p>&nbsp;<\/p>\n<p><strong>Mart\u00edn Endere (Juntos)<\/strong> dej\u00f3 en claro en su oratoria que <em><strong>\u201cel Municipio estuvo siempre a disposici\u00f3n de la Justicia,<\/strong> accionar que ha tenido donde se ha encontrado con terrenos municipales que fueron puestos a la venta, es v\u00e1lido remarcar las declaraciones del Intendente respecto a que si hay un empleado p\u00fablico involucrado se pondr\u00e1 a disposici\u00f3n de la Justicia. Se acompa\u00f1a con los antecedentes que han sucedido en al menos dos casos donde las personas fueron separadas de sus cargos y puestas a disposici\u00f3n de la Justicia\u201d<\/em><em>.<\/em><\/p>\n<p>&nbsp;<\/p>\n<p><img data-recalc-dims=\"1\" loading=\"lazy\" decoding=\"async\" class=\"alignnone size-large wp-image-45751\" src=\"https:\/\/i0.wp.com\/cdnoticias.com\/wp-content\/uploads\/2022\/02\/WhatsApp-Image-2022-02-05-at-10.07.37.jpeg?resize=800%2C600&#038;ssl=1\" alt=\"\" width=\"800\" height=\"600\" srcset=\"https:\/\/i0.wp.com\/cdnoticias.com\/wp-content\/uploads\/2022\/02\/WhatsApp-Image-2022-02-05-at-10.07.37.jpeg?resize=1024%2C768&amp;ssl=1 1024w, https:\/\/i0.wp.com\/cdnoticias.com\/wp-content\/uploads\/2022\/02\/WhatsApp-Image-2022-02-05-at-10.07.37.jpeg?resize=300%2C225&amp;ssl=1 300w, https:\/\/i0.wp.com\/cdnoticias.com\/wp-content\/uploads\/2022\/02\/WhatsApp-Image-2022-02-05-at-10.07.37.jpeg?resize=768%2C576&amp;ssl=1 768w, https:\/\/i0.wp.com\/cdnoticias.com\/wp-content\/uploads\/2022\/02\/WhatsApp-Image-2022-02-05-at-10.07.37.jpeg?w=1152&amp;ssl=1 1152w\" sizes=\"auto, (max-width: 800px) 100vw, 800px\" \/><\/p>\n<p>&nbsp;<\/p>\n<p>En este sentido<a href=\"https:\/\/cdnoticias.com\/index.php\/2022\/02\/04\/juntos-ratifico-aportes-para-mejorar-la-comision-por-la-venta-ilegal-de-terrenos\/\" target=\"_blank\" rel=\"noopener\">, <\/a><strong>repas\u00f3 los aportes realizados por Juntos que fueron anticipados en la jornada del viernes, y que, tras el di\u00e1logo con el Frente de Todos, lograron plasmarse en un proyecto unificado.<\/strong><\/p>\n<p>&nbsp;<\/p>\n<p><em>\u201cLa gesti\u00f3n municipal y este bloque acompa\u00f1a la creaci\u00f3n de esta comisi\u00f3n, que tiene como vocaci\u00f3n aportar elementos a la Justicia que lleven claridad a un hecho tan grave como el que ocurr\u00eda\u201d<\/em> cerr\u00f3.<\/p>\n<p>&nbsp;<\/p>\n<p>Finalmente, Celeste Arouxet se\u00f1al\u00f3 que<em> \u201cestamos frente a un hecho de los m\u00e1s graves que hemos tomado conocimiento desde nuestro espacio. Pedimos que la Justicia se expida con rapidez, necesitamos confiar en el Poder Judicial, hablamos de causas de 2020. No solo como legisladora, sino como integrante de un espacio pol\u00edtico y ciudadana\u201d.<\/em><\/p>\n<p>&nbsp;<\/p>\n<p><img data-recalc-dims=\"1\" loading=\"lazy\" decoding=\"async\" class=\"alignnone size-large wp-image-45752\" src=\"https:\/\/i0.wp.com\/cdnoticias.com\/wp-content\/uploads\/2022\/02\/Celeste-Arouxet.jpg?resize=800%2C534&#038;ssl=1\" alt=\"\" width=\"800\" height=\"534\" srcset=\"https:\/\/i0.wp.com\/cdnoticias.com\/wp-content\/uploads\/2022\/02\/Celeste-Arouxet-scaled.jpg?resize=1024%2C684&amp;ssl=1 1024w, https:\/\/i0.wp.com\/cdnoticias.com\/wp-content\/uploads\/2022\/02\/Celeste-Arouxet-scaled.jpg?resize=300%2C201&amp;ssl=1 300w, https:\/\/i0.wp.com\/cdnoticias.com\/wp-content\/uploads\/2022\/02\/Celeste-Arouxet-scaled.jpg?resize=768%2C513&amp;ssl=1 768w, https:\/\/i0.wp.com\/cdnoticias.com\/wp-content\/uploads\/2022\/02\/Celeste-Arouxet-scaled.jpg?resize=1536%2C1027&amp;ssl=1 1536w, https:\/\/i0.wp.com\/cdnoticias.com\/wp-content\/uploads\/2022\/02\/Celeste-Arouxet-scaled.jpg?resize=2048%2C1369&amp;ssl=1 2048w, https:\/\/i0.wp.com\/cdnoticias.com\/wp-content\/uploads\/2022\/02\/Celeste-Arouxet-scaled.jpg?resize=272%2C182&amp;ssl=1 272w, https:\/\/i0.wp.com\/cdnoticias.com\/wp-content\/uploads\/2022\/02\/Celeste-Arouxet-scaled.jpg?w=1600&amp;ssl=1 1600w, https:\/\/i0.wp.com\/cdnoticias.com\/wp-content\/uploads\/2022\/02\/Celeste-Arouxet-scaled.jpg?w=2400&amp;ssl=1 2400w\" sizes=\"auto, (max-width: 800px) 100vw, 800px\" \/><\/p>\n<p>&nbsp;<\/p>\n<p>Se\u00f1al\u00f3 que en este contexto <em><strong>\u201ces momento de una vez por todas de trabajar con seriedad, respeto, objetividad, di\u00e1logo, en esta comisi\u00f3n podemos demostrar que se puede lograr. Tenemos que dejar de lado las banderas partidarias y las chicanas\u201d.<\/strong><\/em><\/p>\n<p>&nbsp;<\/p>\n<p>Y acus\u00f3 al Ejecutivo de tener<em> \u201cel 90% de los Pedidos de Informes de 2020 sin responder, en agosto pedimos el listado de terrenos municipales y tampoco lleg\u00f3, vamos 7 meses. Pido que no solamente quede en una gacetilla, sino que el trabajo en conjunto con el DEM sea serio\u201d.<\/em><\/p>\n<p>&nbsp;<\/p>\n<p><strong><em>\u201cLos tres poderes le podemos dar la seguridad que necesitan los vecinos\u201d<\/em><\/strong> cerr\u00f3.<\/p>\n<p>&nbsp;<\/p>\n<p>Finalmente,<strong> la comisi\u00f3n fue aprobada por unanimidad y se consensu\u00f3 que el pr\u00f3ximo lunes, en reuni\u00f3n de conformaci\u00f3n de comisi\u00f3n, se elijan las autoridades e integrantes<\/strong>: se prev\u00e9 que la presidencia sea encabezada por un concejal o concejala del Frente de Todos, quien impuls\u00f3 la propuesta.<\/p>\n","protected":false},"excerpt":{"rendered":"<p>Hubo un proyecto unificado consensuado entre los bloques. Se repas\u00f3 el camino que llev\u00f3 hasta la sesi\u00f3n y se apunto<\/p>\n","protected":false},"author":2,"featured_media":45746,"comment_status":"closed","ping_status":"closed","sticky":false,"template":"","format":"standard","meta":{"_jetpack_memberships_contains_paid_content":false,"footnotes":""},"categories":[4,1],"tags":[],"class_list":["post-45744","post","type-post","status-publish","format-standard","has-post-thumbnail","hentry","category-politica","category-portada"],"jetpack_featured_media_url":"https:\/\/i0.wp.com\/cdnoticias.com\/wp-content\/uploads\/2022\/02\/hcd-terrenos-scaled.jpg?fit=2560%2C1424&ssl=1","jetpack_sharing_enabled":true,"_links":{"self":[{"href":"https:\/\/cdnoticias.com\/index.php\/wp-json\/wp\/v2\/posts\/45744","targetHints":{"allow":["GET"]}}],"collection":[{"href":"https:\/\/cdnoticias.com\/index.php\/wp-json\/wp\/v2\/posts"}],"about":[{"href":"https:\/\/cdnoticias.com\/index.php\/wp-json\/wp\/v2\/types\/post"}],"author":[{"embeddable":true,"href":"https:\/\/cdnoticias.com\/index.php\/wp-json\/wp\/v2\/users\/2"}],"replies":[{"embeddable":true,"href":"https:\/\/cdnoticias.com\/index.php\/wp-json\/wp\/v2\/comments?post=45744"}],"version-history":[{"count":0,"href":"https:\/\/cdnoticias.com\/index.php\/wp-json\/wp\/v2\/posts\/45744\/revisions"}],"wp:featuredmedia":[{"embeddable":true,"href":"https:\/\/cdnoticias.com\/index.php\/wp-json\/wp\/v2\/media\/45746"}],"wp:attachment":[{"href":"https:\/\/cdnoticias.com\/index.php\/wp-json\/wp\/v2\/media?parent=45744"}],"wp:term":[{"taxonomy":"category","embeddable":true,"href":"https:\/\/cdnoticias.com\/index.php\/wp-json\/wp\/v2\/categories?post=45744"},{"taxonomy":"post_tag","embeddable":true,"href":"https:\/\/cdnoticias.com\/index.php\/wp-json\/wp\/v2\/tags?post=45744"}],"curies":[{"name":"wp","href":"https:\/\/api.w.org\/{rel}","templated":true}]}}