{"id":45722,"date":"2022-02-04T20:40:49","date_gmt":"2022-02-04T23:40:49","guid":{"rendered":"https:\/\/www.centraldenoticias.com.ar\/?p=45722"},"modified":"2022-02-04T20:53:37","modified_gmt":"2022-02-04T23:53:37","slug":"el-municipio-confirmo-el-descarte-de-mas-de-1100-vacunas-por-desvio-de-cadena-de-frio","status":"publish","type":"post","link":"https:\/\/cdnoticias.com\/index.php\/2022\/02\/04\/el-municipio-confirmo-el-descarte-de-mas-de-1100-vacunas-por-desvio-de-cadena-de-frio\/","title":{"rendered":"El Municipio confirm\u00f3 el descarte de m\u00e1s de  1100 vacunas por \u201cdesv\u00edo de cadena de fr\u00edo\u201d"},"content":{"rendered":"<p>En consonancia con lo difundido desde Regi\u00f3n Sanitaria IX, se ratific\u00f3 que debieron desecharse 1119 dosis.<!--more--><\/p>\n<hr \/>\n<p>La Secretar\u00eda de Salud del Municipio emiti\u00f3 un comunicado en las \u00faltimas horas en el que se ratifica l<a href=\"https:\/\/cdnoticias.com\/index.php\/2022\/02\/04\/corte-de-luz-en-el-banco-de-leche-ministerio-de-salud-recomendo-descartar-mas-de-1-000-vacunas\/\" target=\"_blank\" rel=\"noopener\">o detallado minutos antes desde el Ministerio de Salud de la Provincia de Buenos Aires<\/a> en cuanto al <strong>descarte de m\u00e1s de 1100 vacunas \u201cque se encontraban en cuarentena por el desv\u00edo en la cadena de fr\u00edo\u201d.<\/strong><\/p>\n<p>&nbsp;<\/p>\n<p>Se precis\u00f3 que \u201cel Ministerio de Salud de la provincia de Buenos Aires<strong> recomend\u00f3 el descarte de 1119 vacunas del total 5558<\/strong> que se encontraban en cuarentena por desv\u00edo en la cadena de fr\u00edo\u201d.<\/p>\n<p>&nbsp;<\/p>\n<p><img data-recalc-dims=\"1\" loading=\"lazy\" decoding=\"async\" class=\"size-full wp-image-45650\" src=\"https:\/\/i0.wp.com\/cdnoticias.com\/wp-content\/uploads\/2022\/02\/Salud-Banco-de-Leche.jpg?resize=640%2C427&#038;ssl=1\" alt=\"\" width=\"640\" height=\"427\" srcset=\"https:\/\/i0.wp.com\/cdnoticias.com\/wp-content\/uploads\/2022\/02\/Salud-Banco-de-Leche.jpg?w=640&amp;ssl=1 640w, https:\/\/i0.wp.com\/cdnoticias.com\/wp-content\/uploads\/2022\/02\/Salud-Banco-de-Leche.jpg?resize=300%2C200&amp;ssl=1 300w, https:\/\/i0.wp.com\/cdnoticias.com\/wp-content\/uploads\/2022\/02\/Salud-Banco-de-Leche.jpg?resize=272%2C182&amp;ssl=1 272w\" sizes=\"auto, (max-width: 640px) 100vw, 640px\" \/><\/p>\n<p>&nbsp;<\/p>\n<p>A la par, se enfatiz\u00f3 que \u201cel resto de las vacunas pueden ser utilizadas, no afectando la seguridad y eficacia de las mismas. <strong>Dentro de las dosis descartadas se encuentran doble adultos, rotavirus, neumococo 23 valencias, triple y doble viral, fiebre amarilla, bexsero y varicela<\/strong>\u201d.<\/p>\n<p>&nbsp;<\/p>\n<p>Asimismo, se agreg\u00f3 que \u201cla Direcci\u00f3n de Inmunizaci\u00f3n de Olavarr\u00eda inform\u00f3 que este hecho no impacta en el cumplimiento del calendario de vacunaci\u00f3n porque hay disposici\u00f3n de dosis en stock de estas vacunas. <strong>Los horarios y lugares de vacunaci\u00f3n contin\u00faan sin modificaciones, recordando que este s\u00e1bado el \u00abbanco de leche\u00bb estar\u00e1 cerrado por jornada de actualizaci\u00f3n y capacitaci\u00f3n programada previamente\u201d.<\/strong><\/p>\n<p>&nbsp;<\/p>\n<p>Por \u00faltimo, se se\u00f1al\u00f3 que \u201ccon respecto al hecho ocurrido, el mismo solo afect\u00f3 seis heladeras y no se generaron fallas en la c\u00e1mara de vacunas. Desde la cartera sanitaria aseguraron que<strong> se reforzar\u00e1 el sistema de vigilancia y alarmas ante futuras fallas que puedan surgir y que ya se solicit\u00f3 la reposici\u00f3n al programa de inmunizaciones provinciales de las dosis descartadas\u201d.<\/strong><\/p>\n","protected":false},"excerpt":{"rendered":"<p>En consonancia con lo difundido desde Regi\u00f3n Sanitaria IX, se ratific\u00f3 que debieron desecharse 1119 dosis.<\/p>\n","protected":false},"author":3,"featured_media":42183,"comment_status":"closed","ping_status":"closed","sticky":false,"template":"","format":"standard","meta":{"_jetpack_memberships_contains_paid_content":false,"footnotes":""},"categories":[5,1],"tags":[],"class_list":["post-45722","post","type-post","status-publish","format-standard","has-post-thumbnail","hentry","category-informacion-general","category-portada"],"jetpack_featured_media_url":"https:\/\/i0.wp.com\/cdnoticias.com\/wp-content\/uploads\/2021\/12\/frente-municipalidad-navidad.jpg?fit=800%2C445&ssl=1","jetpack_sharing_enabled":true,"_links":{"self":[{"href":"https:\/\/cdnoticias.com\/index.php\/wp-json\/wp\/v2\/posts\/45722","targetHints":{"allow":["GET"]}}],"collection":[{"href":"https:\/\/cdnoticias.com\/index.php\/wp-json\/wp\/v2\/posts"}],"about":[{"href":"https:\/\/cdnoticias.com\/index.php\/wp-json\/wp\/v2\/types\/post"}],"author":[{"embeddable":true,"href":"https:\/\/cdnoticias.com\/index.php\/wp-json\/wp\/v2\/users\/3"}],"replies":[{"embeddable":true,"href":"https:\/\/cdnoticias.com\/index.php\/wp-json\/wp\/v2\/comments?post=45722"}],"version-history":[{"count":0,"href":"https:\/\/cdnoticias.com\/index.php\/wp-json\/wp\/v2\/posts\/45722\/revisions"}],"wp:featuredmedia":[{"embeddable":true,"href":"https:\/\/cdnoticias.com\/index.php\/wp-json\/wp\/v2\/media\/42183"}],"wp:attachment":[{"href":"https:\/\/cdnoticias.com\/index.php\/wp-json\/wp\/v2\/media?parent=45722"}],"wp:term":[{"taxonomy":"category","embeddable":true,"href":"https:\/\/cdnoticias.com\/index.php\/wp-json\/wp\/v2\/categories?post=45722"},{"taxonomy":"post_tag","embeddable":true,"href":"https:\/\/cdnoticias.com\/index.php\/wp-json\/wp\/v2\/tags?post=45722"}],"curies":[{"name":"wp","href":"https:\/\/api.w.org\/{rel}","templated":true}]}}