{"id":45712,"date":"2022-02-04T18:20:06","date_gmt":"2022-02-04T21:20:06","guid":{"rendered":"https:\/\/www.centraldenoticias.com.ar\/?p=45712"},"modified":"2022-02-04T18:20:06","modified_gmt":"2022-02-04T21:20:06","slug":"no-de-nuevo-decia-olavarria-otra-vez-en-alerta-amarillo-por-tormentas-fuertes","status":"publish","type":"post","link":"https:\/\/cdnoticias.com\/index.php\/2022\/02\/04\/no-de-nuevo-decia-olavarria-otra-vez-en-alerta-amarillo-por-tormentas-fuertes\/","title":{"rendered":"\u201cNo de nuevo dec\u00eda\u201d: Olavarr\u00eda otra vez en alerta \u201camarillo\u201d por tormentas fuertes"},"content":{"rendered":"<p>El centro bonaerense se ve alcanzado por una advertencia por abundantes lluvias, r\u00e1fagas y ocasional ca\u00edda de granizo.\u00a0Los detalles.<\/p>\n<p><!--more--><\/p>\n<hr \/>\n<p><strong>S\u00ed, otra vez Olavarr\u00eda se encuentra dentro del \u00e1rea de influencia de un alerta meteorol\u00f3gico por tormentas<\/strong>, tal como sucedi\u00f3 en la noche del \u00faltimo jueves. La advertencia incluye al centro bonaerense, sector que adem\u00e1s se ve alcanzado por varios \u201caviso a corto plazo\u201d.<\/p>\n<p>&nbsp;<\/p>\n<p>El aviso fue emitido pocos minutos despu\u00e9s de las 17 y es de nivel \u201camarillo\u201d, lo que se traduce en <strong>\u201cposibles fen\u00f3menos meteorol\u00f3gicos con capacidad de da\u00f1o y riesgo de interrupci\u00f3n moment\u00e1nea de actividades cotidianas\u201d.<\/strong><\/p>\n<p>&nbsp;<\/p>\n<blockquote class=\"twitter-tweet\" data-width=\"550\" data-dnt=\"true\">\n<p lang=\"es\" dir=\"ltr\">\u26a0 SAT | ALERTAS <a href=\"https:\/\/twitter.com\/hashtag\/SiHayAlertaEstateAlerta?src=hash&amp;ref_src=twsrc%5Etfw\">#SiHayAlertaEstateAlerta<\/a><br \/>Informaci\u00f3n actualizada el 04 de febrero de 2022 a las 17:24 h<br \/>\ud83d\udc49M\u00e1s detalles en <a href=\"https:\/\/t.co\/AgvDHAWzAt\">https:\/\/t.co\/AgvDHAWzAt<\/a> <a href=\"https:\/\/t.co\/KLFUe8pleZ\">pic.twitter.com\/KLFUe8pleZ<\/a><\/p>\n<p>&mdash; SMN Alertas (@SMN_Alertas) <a href=\"https:\/\/twitter.com\/SMN_Alertas\/status\/1489700107985604608?ref_src=twsrc%5Etfw\">February 4, 2022<\/a><\/p><\/blockquote>\n<p><script async src=\"https:\/\/platform.twitter.com\/widgets.js\" charset=\"utf-8\"><\/script><\/p>\n<p>&nbsp;<\/p>\n<p>Se precis\u00f3 que <strong>\u201cel \u00e1rea ser\u00e1 afectada por tormentas, algunas localmente fuertes, acompa\u00f1adas de r\u00e1fagas, ca\u00edda de granizo, y fuerte actividad el\u00e9ctrica. Se estiman valores de precipitaci\u00f3n acumulada entre 30 y 70 mm con los mayores valores en el Litoral, pudiendo ser superados de manera localizada\u201d<\/strong>.<\/p>\n<p>&nbsp;<\/p>\n<p>Vale dar cuenta que el alerta rige \u00fanicamente para la noche de este viernes. No obstante ello, <strong>las precipitaciones podr\u00edan prolongarse durante la mayor parte de la jornada del s\u00e1bado, para la cual fue estimada una temperatura m\u00e1xima de apenas 20.\u00a0<\/strong>Por \u00faltimo, son numerosos los Partidos del centro, sur y la costa bonaerense que ya se ven y vieron alcanzados por <strong>\u201cavisos a muy corto plazo\u201d por \u201ctormentas fuertes con lluvias intensas\u201d<\/strong>.<\/p>\n","protected":false},"excerpt":{"rendered":"<p>El centro bonaerense se ve alcanzado por una advertencia por abundantes lluvias, r\u00e1fagas y ocasional ca\u00edda de granizo.\u00a0Los detalles.<\/p>\n","protected":false},"author":4,"featured_media":45713,"comment_status":"closed","ping_status":"closed","sticky":false,"template":"","format":"standard","meta":{"_jetpack_memberships_contains_paid_content":false,"footnotes":""},"categories":[5,1],"tags":[],"class_list":["post-45712","post","type-post","status-publish","format-standard","has-post-thumbnail","hentry","category-informacion-general","category-portada"],"jetpack_featured_media_url":"https:\/\/i0.wp.com\/cdnoticias.com\/wp-content\/uploads\/2022\/02\/alerta-1.jpg?fit=818%2C456&ssl=1","jetpack_sharing_enabled":true,"_links":{"self":[{"href":"https:\/\/cdnoticias.com\/index.php\/wp-json\/wp\/v2\/posts\/45712","targetHints":{"allow":["GET"]}}],"collection":[{"href":"https:\/\/cdnoticias.com\/index.php\/wp-json\/wp\/v2\/posts"}],"about":[{"href":"https:\/\/cdnoticias.com\/index.php\/wp-json\/wp\/v2\/types\/post"}],"author":[{"embeddable":true,"href":"https:\/\/cdnoticias.com\/index.php\/wp-json\/wp\/v2\/users\/4"}],"replies":[{"embeddable":true,"href":"https:\/\/cdnoticias.com\/index.php\/wp-json\/wp\/v2\/comments?post=45712"}],"version-history":[{"count":0,"href":"https:\/\/cdnoticias.com\/index.php\/wp-json\/wp\/v2\/posts\/45712\/revisions"}],"wp:featuredmedia":[{"embeddable":true,"href":"https:\/\/cdnoticias.com\/index.php\/wp-json\/wp\/v2\/media\/45713"}],"wp:attachment":[{"href":"https:\/\/cdnoticias.com\/index.php\/wp-json\/wp\/v2\/media?parent=45712"}],"wp:term":[{"taxonomy":"category","embeddable":true,"href":"https:\/\/cdnoticias.com\/index.php\/wp-json\/wp\/v2\/categories?post=45712"},{"taxonomy":"post_tag","embeddable":true,"href":"https:\/\/cdnoticias.com\/index.php\/wp-json\/wp\/v2\/tags?post=45712"}],"curies":[{"name":"wp","href":"https:\/\/api.w.org\/{rel}","templated":true}]}}