{"id":45707,"date":"2022-02-04T18:09:18","date_gmt":"2022-02-04T21:09:18","guid":{"rendered":"https:\/\/www.centraldenoticias.com.ar\/?p=45707"},"modified":"2022-02-04T18:09:18","modified_gmt":"2022-02-04T21:09:18","slug":"se-conmemora-el-dia-mundial-de-lucha-contra-el-cancer","status":"publish","type":"post","link":"https:\/\/cdnoticias.com\/index.php\/2022\/02\/04\/se-conmemora-el-dia-mundial-de-lucha-contra-el-cancer\/","title":{"rendered":"Se conmemora el D\u00eda Mundial de lucha contra el c\u00e1ncer"},"content":{"rendered":"<p>Como sucede cada 4 de febrero, en todo el mundo se conmemora el D\u00eda Mundial contra el c\u00e1ncer, que este 2022 tiene como lema \u201ccerrar la brecha de atenci\u00f3n\u201d.<!--more--><\/p>\n<hr \/>\n<p>Como cada 4 de febrero, este 2022 se conmemora el D\u00eda Mundial contra el C\u00e1ncer, por iniciativa de la Organizaci\u00f3n Mundial de la Salud (OMS). Este a\u00f1o, el lema que rige la campa\u00f1a a nivel global es \u201cCerrar la brecha de atenci\u00f3n\u00bb. El objetivo es aunar esfuerzos de manera colectiva e individual, para fortalecer las acciones destinadas a mejorar el acceso a una atenci\u00f3n de calidad, incluido el tamizaje, la detecci\u00f3n temprana, el tratamiento y los cuidados paliativos.<\/p>\n<p>&nbsp;<\/p>\n<p>La Secretar\u00eda de Salud de la Municipalidad de Olavarr\u00eda, junto a la filial local de LALCEC, adhiere a la campa\u00f1a y ofrecen informaci\u00f3n para prevenir el c\u00e1ncer o detectar de manera temprana la enfermedad, para optimizar el tratamiento y reducir los riesgos.<\/p>\n<p>&nbsp;<\/p>\n<p>Cuanto m\u00e1s se sabe acerca de esta tem\u00e1tica, mayor es el progreso que se puede lograr en la reducci\u00f3n de los factores de riesgo, el aumento de la prevenci\u00f3n y la mejora del diagn\u00f3stico, la prevenci\u00f3n, el tratamiento y el cuidado del c\u00e1ncer. Al aumentar su entendimiento, se reduce el miedo, se aumenta la comprensi\u00f3n, se derriban mitos y conceptos err\u00f3neos y se cambian comportamientos y actitudes.<\/p>\n<p>&nbsp;<\/p>\n<p><em><strong>Factores de riesgo<\/strong><\/em><\/p>\n<p>&nbsp;<\/p>\n<p>Tal como detalla el Instituto Nacional del C\u00e1ncer, esta enfermedad se produce por una multiplicidad de causales. Existen ciertos factores de riesgo que pueden aumentar la posibilidad de una persona de padecer c\u00e1ncer: exposici\u00f3n a productos qu\u00edmicos o a otras sustancias t\u00f3xicas, antecedentes familiares (gen\u00e9ticos), consumo de alcohol y\/o tabaco, sobrepeso y obesidad; g\u00e9rmenes infecciosos (HPV, VHB; VHC), exposici\u00f3n inadecuada a la luz solar (radiaci\u00f3n UV), constituyen algunos ejemplos.<\/p>\n<p>&nbsp;<\/p>\n<p><em><strong>Prevenci\u00f3n<\/strong><\/em><\/p>\n<p>&nbsp;<\/p>\n<p>Algunos tipos de c\u00e1ncer pueden prevenirse manteniendo h\u00e1bitos saludables y, en otros casos, puede reducirse el riesgo de enfermar.<\/p>\n<p>&nbsp;<\/p>\n<p><em><strong>Las principales pautas que se recomiendan son:<\/strong><\/em><\/p>\n<p>&nbsp;<\/p>\n<p>Adoptar una alimentaci\u00f3n saludable.<\/p>\n<p>Gestionar el estr\u00e9s y respetar el ritmo circadiano.<\/p>\n<p>Realizar actividad f\u00edsica todos los d\u00edas, al menos 30 minutos.<\/p>\n<p>Evitar el consumo excesivo de alcohol (m\u00e1s de dos vasos de vino o 350 cc de cerveza por d\u00eda).<\/p>\n<p>Evitar la exposici\u00f3n al sol entre las 10 y las 16 horas y utilizar protectores solares y ropa que proteja la piel. Estas medidas deben extremarse especialmente en los grupos m\u00e1s vulnerables: ni\u00f1os menores de 3 a\u00f1os y personas de piel blanca, cabello y ojos claros. Es importante seguir estas recomendaciones no solo en verano sino en todo el a\u00f1o.<\/p>\n<p>Usar preservativo en todas las relaciones sexuales para reducir el riesgo de infecciones de transmisi\u00f3n sexual como el Virus de Inmunodeficiencia Humana (VIH), asociado con la probabilidad de desarrollar Linfoma y Sarcoma de Kaposi y el Virus del Papiloma Humano (VPH) asociado con c\u00e1ncer de cuello de \u00fatero. Es importante aclarar que dado que el VPH se transmite por contacto sexual (por ejemplo, manos en contacto con zonas genitales), el uso del preservativo no evita totalmente su transmisi\u00f3n.<\/p>\n<p>Evitar el tabaco y mantener los ambientes libres de humo. Las personas que abandonan el tabaco ganan sustancialmente expectativa de vida. Cualquier edad es buena para dejar de fumar y se goza un beneficio mayor al hacerlo a una edad temprana.<\/p>\n<p>&nbsp;<\/p>\n<p><em><strong>Controles de salud para prevenir el c\u00e1ncer<\/strong><\/em><\/p>\n<p>&nbsp;<\/p>\n<p>Mujeres de 25 a 64 a\u00f1os: realizarse el examen de PAP o Test de VPH a fin de detectar la presencia de VPH de alto riesgo, virus que si no se trata, con el tiempo puede convertirse en c\u00e1ncer de cuello de \u00fatero.<\/p>\n<p>Mujeres de 50 a 69 a\u00f1os: las mujeres que nunca tuvieron enfermedades en las mamas ni tienen antecedentes familiares ni s\u00edntomas deben realizarse una mamograf\u00eda cada 1 o 2 a\u00f1os. Las mujeres con antecedentes familiares de c\u00e1ncer de mama deber\u00e1n decidir con su m\u00e9dico cu\u00e1l es el momento adecuado para comenzar con los controles.<\/p>\n<p>Hombres y mujeres de 50 a 75 a\u00f1os: realizar el test de sangre oculta en materia fecal inmunoqu\u00edmico y\/o colonoscop\u00eda.<\/p>\n","protected":false},"excerpt":{"rendered":"<p>Como sucede cada 4 de febrero, en todo el mundo se conmemora el D\u00eda Mundial contra el c\u00e1ncer, que este<\/p>\n","protected":false},"author":4,"featured_media":45709,"comment_status":"closed","ping_status":"closed","sticky":false,"template":"","format":"standard","meta":{"_jetpack_memberships_contains_paid_content":false,"footnotes":""},"categories":[5],"tags":[],"class_list":["post-45707","post","type-post","status-publish","format-standard","has-post-thumbnail","hentry","category-informacion-general"],"jetpack_featured_media_url":"https:\/\/i0.wp.com\/cdnoticias.com\/wp-content\/uploads\/2022\/02\/cancer.jpg?fit=800%2C445&ssl=1","jetpack_sharing_enabled":true,"_links":{"self":[{"href":"https:\/\/cdnoticias.com\/index.php\/wp-json\/wp\/v2\/posts\/45707","targetHints":{"allow":["GET"]}}],"collection":[{"href":"https:\/\/cdnoticias.com\/index.php\/wp-json\/wp\/v2\/posts"}],"about":[{"href":"https:\/\/cdnoticias.com\/index.php\/wp-json\/wp\/v2\/types\/post"}],"author":[{"embeddable":true,"href":"https:\/\/cdnoticias.com\/index.php\/wp-json\/wp\/v2\/users\/4"}],"replies":[{"embeddable":true,"href":"https:\/\/cdnoticias.com\/index.php\/wp-json\/wp\/v2\/comments?post=45707"}],"version-history":[{"count":0,"href":"https:\/\/cdnoticias.com\/index.php\/wp-json\/wp\/v2\/posts\/45707\/revisions"}],"wp:featuredmedia":[{"embeddable":true,"href":"https:\/\/cdnoticias.com\/index.php\/wp-json\/wp\/v2\/media\/45709"}],"wp:attachment":[{"href":"https:\/\/cdnoticias.com\/index.php\/wp-json\/wp\/v2\/media?parent=45707"}],"wp:term":[{"taxonomy":"category","embeddable":true,"href":"https:\/\/cdnoticias.com\/index.php\/wp-json\/wp\/v2\/categories?post=45707"},{"taxonomy":"post_tag","embeddable":true,"href":"https:\/\/cdnoticias.com\/index.php\/wp-json\/wp\/v2\/tags?post=45707"}],"curies":[{"name":"wp","href":"https:\/\/api.w.org\/{rel}","templated":true}]}}