{"id":45704,"date":"2022-02-04T17:30:13","date_gmt":"2022-02-04T20:30:13","guid":{"rendered":"https:\/\/www.centraldenoticias.com.ar\/?p=45704"},"modified":"2022-02-04T20:36:14","modified_gmt":"2022-02-04T23:36:14","slug":"en-las-ultimas-24-horas-fallecieron-tres-personas-con-covid-19-en-olavarria","status":"publish","type":"post","link":"https:\/\/cdnoticias.com\/index.php\/2022\/02\/04\/en-las-ultimas-24-horas-fallecieron-tres-personas-con-covid-19-en-olavarria\/","title":{"rendered":"En las \u00faltimas 24 horas fallecieron tres personas con Covid-19 en Olavarr\u00eda"},"content":{"rendered":"<p>Se trata de un hombre de 84 a\u00f1os y dos mujeres de 89 y 73 a\u00f1os respectivamente. En tanto, en el Hospital Municipal hay 20 pacientes internados.<!--more--><\/p>\n<hr \/>\n<p>Seg\u00fan indicaron las autoridades sanitarias en las \u00faltimas 24 horas fallecieron tres pacientes con coronavirus. Se trata de un <strong>hombre de 84 a\u00f1os con comorbilidades que estaba internado desde el 1 de febrero.<\/strong> Ten\u00eda dos dosis (la \u00faltima en mayo de 2021).<\/p>\n<p>&nbsp;<\/p>\n<p>Otra de las personas fallecidas es una <strong>mujer de 89 a\u00f1os con tres dosis de vacunas que hab\u00eda ingresado el 23 de enero<\/strong> al Hospital Municipal.<\/p>\n<p>&nbsp;<\/p>\n<p>La tercera paciente fallecida<strong> ten\u00eda 73 a\u00f1os y estaba internada en el Hospital Municipal desde el 21 de enero<\/strong>, presentaba comorbilidades y ten\u00eda tres dosis de vacunas.<\/p>\n<p>&nbsp;<\/p>\n<p><img data-recalc-dims=\"1\" loading=\"lazy\" decoding=\"async\" class=\"aligncenter wp-image-45696 size-large\" src=\"https:\/\/i0.wp.com\/cdnoticias.com\/wp-content\/uploads\/2022\/02\/WhatsApp-Image-2022-02-04-at-17.24.07.jpeg?resize=800%2C800&#038;ssl=1\" alt=\"\" width=\"800\" height=\"800\" srcset=\"https:\/\/i0.wp.com\/cdnoticias.com\/wp-content\/uploads\/2022\/02\/WhatsApp-Image-2022-02-04-at-17.24.07.jpeg?resize=1024%2C1024&amp;ssl=1 1024w, https:\/\/i0.wp.com\/cdnoticias.com\/wp-content\/uploads\/2022\/02\/WhatsApp-Image-2022-02-04-at-17.24.07.jpeg?resize=300%2C300&amp;ssl=1 300w, https:\/\/i0.wp.com\/cdnoticias.com\/wp-content\/uploads\/2022\/02\/WhatsApp-Image-2022-02-04-at-17.24.07.jpeg?resize=150%2C150&amp;ssl=1 150w, https:\/\/i0.wp.com\/cdnoticias.com\/wp-content\/uploads\/2022\/02\/WhatsApp-Image-2022-02-04-at-17.24.07.jpeg?resize=768%2C767&amp;ssl=1 768w, https:\/\/i0.wp.com\/cdnoticias.com\/wp-content\/uploads\/2022\/02\/WhatsApp-Image-2022-02-04-at-17.24.07.jpeg?w=1280&amp;ssl=1 1280w\" sizes=\"auto, (max-width: 800px) 100vw, 800px\" \/><\/p>\n<p>&nbsp;<\/p>\n<p>El informe de este viernes, adem\u00e1s, indic\u00f3 que durante la jornada se analizaron 126 testeos, de los cuales <strong>60 fueron positivos<\/strong> y 66 negativos para Covid19.<\/p>\n<p>&nbsp;<\/p>\n<p>Adem\u00e1s, 260 pacientes recibieron el alta m\u00e9dica, por lo que <strong>son 853 las personas que tienen coronavirus en Olavarr\u00eda<\/strong>, con un promedio de edad de 43 a\u00f1os.<\/p>\n<p>&nbsp;<\/p>\n<p><img data-recalc-dims=\"1\" loading=\"lazy\" decoding=\"async\" class=\"aligncenter wp-image-45697 size-large\" src=\"https:\/\/i0.wp.com\/cdnoticias.com\/wp-content\/uploads\/2022\/02\/WhatsApp-Image-2022-02-04-at-17.24.08.jpeg?resize=800%2C800&#038;ssl=1\" alt=\"\" width=\"800\" height=\"800\" srcset=\"https:\/\/i0.wp.com\/cdnoticias.com\/wp-content\/uploads\/2022\/02\/WhatsApp-Image-2022-02-04-at-17.24.08.jpeg?resize=1024%2C1024&amp;ssl=1 1024w, https:\/\/i0.wp.com\/cdnoticias.com\/wp-content\/uploads\/2022\/02\/WhatsApp-Image-2022-02-04-at-17.24.08.jpeg?resize=300%2C300&amp;ssl=1 300w, https:\/\/i0.wp.com\/cdnoticias.com\/wp-content\/uploads\/2022\/02\/WhatsApp-Image-2022-02-04-at-17.24.08.jpeg?resize=150%2C150&amp;ssl=1 150w, https:\/\/i0.wp.com\/cdnoticias.com\/wp-content\/uploads\/2022\/02\/WhatsApp-Image-2022-02-04-at-17.24.08.jpeg?resize=768%2C768&amp;ssl=1 768w, https:\/\/i0.wp.com\/cdnoticias.com\/wp-content\/uploads\/2022\/02\/WhatsApp-Image-2022-02-04-at-17.24.08.jpeg?w=1280&amp;ssl=1 1280w\" sizes=\"auto, (max-width: 800px) 100vw, 800px\" \/><\/p>\n<p>&nbsp;<\/p>\n<p>En el Hospital Municipal \u201cDr. H\u00e9ctor M. Cura\u201d <strong>hay 20 pacientes internados<\/strong>: 3 en la Unidad de Terapia Intensiva, 16 en Cuidados Generales y 1 en Pediatr\u00eda.<\/p>\n","protected":false},"excerpt":{"rendered":"<p>Se trata de un hombre de 84 a\u00f1os y dos mujeres de 89 y 73 a\u00f1os respectivamente. En tanto, en<\/p>\n","protected":false},"author":5,"featured_media":39504,"comment_status":"closed","ping_status":"closed","sticky":false,"template":"","format":"standard","meta":{"_jetpack_memberships_contains_paid_content":false,"footnotes":""},"categories":[16,1],"tags":[],"class_list":["post-45704","post","type-post","status-publish","format-standard","has-post-thumbnail","hentry","category-covid-19","category-portada"],"jetpack_featured_media_url":"https:\/\/i0.wp.com\/cdnoticias.com\/wp-content\/uploads\/2021\/11\/hospital-guardia-2.jpg?fit=800%2C445&ssl=1","jetpack_sharing_enabled":true,"_links":{"self":[{"href":"https:\/\/cdnoticias.com\/index.php\/wp-json\/wp\/v2\/posts\/45704","targetHints":{"allow":["GET"]}}],"collection":[{"href":"https:\/\/cdnoticias.com\/index.php\/wp-json\/wp\/v2\/posts"}],"about":[{"href":"https:\/\/cdnoticias.com\/index.php\/wp-json\/wp\/v2\/types\/post"}],"author":[{"embeddable":true,"href":"https:\/\/cdnoticias.com\/index.php\/wp-json\/wp\/v2\/users\/5"}],"replies":[{"embeddable":true,"href":"https:\/\/cdnoticias.com\/index.php\/wp-json\/wp\/v2\/comments?post=45704"}],"version-history":[{"count":0,"href":"https:\/\/cdnoticias.com\/index.php\/wp-json\/wp\/v2\/posts\/45704\/revisions"}],"wp:featuredmedia":[{"embeddable":true,"href":"https:\/\/cdnoticias.com\/index.php\/wp-json\/wp\/v2\/media\/39504"}],"wp:attachment":[{"href":"https:\/\/cdnoticias.com\/index.php\/wp-json\/wp\/v2\/media?parent=45704"}],"wp:term":[{"taxonomy":"category","embeddable":true,"href":"https:\/\/cdnoticias.com\/index.php\/wp-json\/wp\/v2\/categories?post=45704"},{"taxonomy":"post_tag","embeddable":true,"href":"https:\/\/cdnoticias.com\/index.php\/wp-json\/wp\/v2\/tags?post=45704"}],"curies":[{"name":"wp","href":"https:\/\/api.w.org\/{rel}","templated":true}]}}