{"id":45663,"date":"2022-02-04T11:47:54","date_gmt":"2022-02-04T14:47:54","guid":{"rendered":"https:\/\/www.centraldenoticias.com.ar\/?p=45663"},"modified":"2022-02-04T11:47:54","modified_gmt":"2022-02-04T14:47:54","slug":"hcd-con-varias-propuestas-de-modificacion-habra-proyecto-unificado","status":"publish","type":"post","link":"https:\/\/cdnoticias.com\/index.php\/2022\/02\/04\/hcd-con-varias-propuestas-de-modificacion-habra-proyecto-unificado\/","title":{"rendered":"HCD: con varias propuestas de modificaci\u00f3n, habr\u00e1 proyecto unificado"},"content":{"rendered":"<p>Se reuni\u00f3 la comisi\u00f3n de Labor Parlamentaria de cara a la sesi\u00f3n extraordinaria del s\u00e1bado. Las expresiones de los presidentes de bancada.<!--more--><\/p>\n<hr \/>\n<p>&nbsp;<\/p>\n<p><strong>Los presidentes de los distintos bloques que conforman el Concejo Deliberante de Olavarr\u00eda se reunieron este viernes en el marco de la comisi\u00f3n de Labor Parlamentaria<\/strong> de cara a la <a href=\"https:\/\/cdnoticias.com\/index.php\/2022\/02\/01\/venta-ilegal-de-terrenos-el-hcd-sesionara-el-sabado-para-tratar-la-propuesta-del-fdt\/\" target=\"_blank\" rel=\"noopener\">sesi\u00f3n extraordinaria convocada por Decreto 001\/21<\/a>.<\/p>\n<p>&nbsp;<\/p>\n<p>La reuni\u00f3n fue<strong> encabezada por la presidente del cuerpo, Cecilia Krivochen<\/strong>. Estuvo tambi\u00e9n la secretaria, Margarita Arregui.<\/p>\n<p>&nbsp;<\/p>\n<p>A lo largo de la reuni\u00f3n los representantes de las bancadas pusieron en com\u00fan <strong>una serie de propuestas de modificaci\u00f3n<\/strong> al \u00fanico proyecto que estar\u00e1 en tratamiento: la creaci\u00f3n de una comisi\u00f3n especial para investigar la venta ilegal de terrenos.<\/p>\n<p>&nbsp;<\/p>\n<p><img data-recalc-dims=\"1\" loading=\"lazy\" decoding=\"async\" class=\"size-full wp-image-45665 aligncenter\" src=\"https:\/\/i0.wp.com\/cdnoticias.com\/wp-content\/uploads\/2022\/02\/HCD-labor-parlamentaria-00.jpg?resize=800%2C445&#038;ssl=1\" alt=\"\" width=\"800\" height=\"445\" srcset=\"https:\/\/i0.wp.com\/cdnoticias.com\/wp-content\/uploads\/2022\/02\/HCD-labor-parlamentaria-00.jpg?w=800&amp;ssl=1 800w, https:\/\/i0.wp.com\/cdnoticias.com\/wp-content\/uploads\/2022\/02\/HCD-labor-parlamentaria-00.jpg?resize=300%2C167&amp;ssl=1 300w, https:\/\/i0.wp.com\/cdnoticias.com\/wp-content\/uploads\/2022\/02\/HCD-labor-parlamentaria-00.jpg?resize=768%2C427&amp;ssl=1 768w\" sizes=\"auto, (max-width: 800px) 100vw, 800px\" \/><\/p>\n<p>&nbsp;<\/p>\n<blockquote><p>En ese sentido, se adelant\u00f3 que se presentar\u00e1 en la sesi\u00f3n un \u201cproyecto unificado reemplazando al proyecto de decreto que fue presentado por el Interbloque del Frente de Todos\u201d.<\/p><\/blockquote>\n<p>&nbsp;<\/p>\n<p>En lo que respecta a las distintas posturas que se desarrollaron en el transcurso de la reuni\u00f3n,<strong> desde Juntos, Mart\u00edn Endere adelant\u00f3 que \u201cpromover\u00e1 a un concejal o concejala del Frente de Todos para que presida la comisi\u00f3n especial\u201d<\/strong>. A su vez, se plantearon otros aspectos que <a href=\"https:\/\/cdnoticias.com\/index.php\/2022\/02\/04\/juntos-ratifico-aportes-para-mejorar-la-comision-por-la-venta-ilegal-de-terrenos\/\" target=\"_blank\" rel=\"noopener\">ya fueron adelantados desde el bloque oficialista<\/a>, y que el mismo <a href=\"https:\/\/cdnoticias.com\/index.php\/2022\/02\/03\/endere-debe-ser-una-comision-que-haga-un-informe-que-termine-en-la-justicia\/\" target=\"_blank\" rel=\"noopener\">Endere expuso en Central Radio<\/a> este jueves.<\/p>\n<p>&nbsp;<\/p>\n<p>El <strong>bloque UCR &#8211; Juntos<\/strong> a trav\u00e9s del presidente de bloque <strong>Sebasti\u00e1n Matrella<\/strong> adelant\u00f3 que <strong>solicitar\u00e1 que una vez culminado el informe sea elevado a la Justicia<\/strong>. <em>\u201cNosotros lo que hacemos es investigar, tenemos que recabar informaci\u00f3n y ser nexo de la justicia\u201d<\/em>, dijo.<\/p>\n<p>&nbsp;<\/p>\n<p><img data-recalc-dims=\"1\" loading=\"lazy\" decoding=\"async\" class=\"size-large wp-image-45656 aligncenter\" src=\"https:\/\/i0.wp.com\/cdnoticias.com\/wp-content\/uploads\/2022\/02\/laborparlamentaria2.jpg?resize=800%2C445&#038;ssl=1\" alt=\"\" width=\"800\" height=\"445\" srcset=\"https:\/\/i0.wp.com\/cdnoticias.com\/wp-content\/uploads\/2022\/02\/laborparlamentaria2.jpg?resize=1024%2C570&amp;ssl=1 1024w, https:\/\/i0.wp.com\/cdnoticias.com\/wp-content\/uploads\/2022\/02\/laborparlamentaria2.jpg?resize=300%2C167&amp;ssl=1 300w, https:\/\/i0.wp.com\/cdnoticias.com\/wp-content\/uploads\/2022\/02\/laborparlamentaria2.jpg?resize=768%2C427&amp;ssl=1 768w, https:\/\/i0.wp.com\/cdnoticias.com\/wp-content\/uploads\/2022\/02\/laborparlamentaria2.jpg?resize=800%2C445&amp;ssl=1 800w, https:\/\/i0.wp.com\/cdnoticias.com\/wp-content\/uploads\/2022\/02\/laborparlamentaria2.jpg?w=1280&amp;ssl=1 1280w\" sizes=\"auto, (max-width: 800px) 100vw, 800px\" \/><\/p>\n<p>&nbsp;<\/p>\n<blockquote><p>La presidenta del interbloque del Frente de Todos, Mercedes Land\u00edvar luego de la reuni\u00f3n expres\u00f3 que desde el FDT \u201cse trabaja para llegar a la sesi\u00f3n con un proyecto unificado y que todos los bloques puedan aportar ideas para mejorar el funcionamiento de la comisi\u00f3n\u201d.<\/p><\/blockquote>\n<p>&nbsp;<\/p>\n<p>La sesi\u00f3n extraordinaria, la primera de este a\u00f1o, tendr\u00e1 como \u00fanico tema para tratar el proyecto de decreto <a href=\"https:\/\/cdnoticias.com\/index.php\/2022\/01\/22\/piden-la-creacion-de-una-comision-especial-para-analizar-la-venta-ilegal-de-terrenos\/\" target=\"_blank\" rel=\"noopener\">solicitando la creaci\u00f3n de una comisi\u00f3n especial por la presunta venta irregular de terrenos<\/a> en el Partido de Olavarr\u00eda. <strong>Se llevar\u00e1 adelante este s\u00e1bado desde las 9 horas y ser\u00e1 trasmitida por el canal oficial de Youtube del Concejo Deliberante<\/strong>.<\/p>\n","protected":false},"excerpt":{"rendered":"<p>Se reuni\u00f3 la comisi\u00f3n de Labor Parlamentaria de cara a la sesi\u00f3n extraordinaria del s\u00e1bado. Las expresiones de los presidentes<\/p>\n","protected":false},"author":4,"featured_media":45664,"comment_status":"closed","ping_status":"closed","sticky":false,"template":"","format":"standard","meta":{"_jetpack_memberships_contains_paid_content":false,"footnotes":""},"categories":[4,1],"tags":[],"class_list":["post-45663","post","type-post","status-publish","format-standard","has-post-thumbnail","hentry","category-politica","category-portada"],"jetpack_featured_media_url":"https:\/\/i0.wp.com\/cdnoticias.com\/wp-content\/uploads\/2022\/02\/HCD-labor-parlamentaria-01.jpg?fit=800%2C445&ssl=1","jetpack_sharing_enabled":true,"_links":{"self":[{"href":"https:\/\/cdnoticias.com\/index.php\/wp-json\/wp\/v2\/posts\/45663","targetHints":{"allow":["GET"]}}],"collection":[{"href":"https:\/\/cdnoticias.com\/index.php\/wp-json\/wp\/v2\/posts"}],"about":[{"href":"https:\/\/cdnoticias.com\/index.php\/wp-json\/wp\/v2\/types\/post"}],"author":[{"embeddable":true,"href":"https:\/\/cdnoticias.com\/index.php\/wp-json\/wp\/v2\/users\/4"}],"replies":[{"embeddable":true,"href":"https:\/\/cdnoticias.com\/index.php\/wp-json\/wp\/v2\/comments?post=45663"}],"version-history":[{"count":0,"href":"https:\/\/cdnoticias.com\/index.php\/wp-json\/wp\/v2\/posts\/45663\/revisions"}],"wp:featuredmedia":[{"embeddable":true,"href":"https:\/\/cdnoticias.com\/index.php\/wp-json\/wp\/v2\/media\/45664"}],"wp:attachment":[{"href":"https:\/\/cdnoticias.com\/index.php\/wp-json\/wp\/v2\/media?parent=45663"}],"wp:term":[{"taxonomy":"category","embeddable":true,"href":"https:\/\/cdnoticias.com\/index.php\/wp-json\/wp\/v2\/categories?post=45663"},{"taxonomy":"post_tag","embeddable":true,"href":"https:\/\/cdnoticias.com\/index.php\/wp-json\/wp\/v2\/tags?post=45663"}],"curies":[{"name":"wp","href":"https:\/\/api.w.org\/{rel}","templated":true}]}}