{"id":45608,"date":"2022-02-03T20:26:40","date_gmt":"2022-02-03T23:26:40","guid":{"rendered":"https:\/\/www.centraldenoticias.com.ar\/?p=45608"},"modified":"2022-02-04T08:23:07","modified_gmt":"2022-02-04T11:23:07","slug":"wesner-estamos-charlando-si-el-informe-tiene-que-ser-vinculante-o-no","status":"publish","type":"post","link":"https:\/\/cdnoticias.com\/index.php\/2022\/02\/03\/wesner-estamos-charlando-si-el-informe-tiene-que-ser-vinculante-o-no\/","title":{"rendered":"Wesner: \u201cEstamos charlando si el informe tiene que ser vinculante o no\u201d"},"content":{"rendered":"<p>El concejal del Frente de Todos cont\u00f3 que desde el interbloque analizan los destinos del informe que surja de la comisi\u00f3n especial que analizar\u00e1 la venta ilegal de terrenos.<!--more--><\/p>\n<hr \/>\n<p>El concejal del Frente de Todos Maximiliano Wesner, en di\u00e1logo con Central Radio -programa que se emite de lunes a viernes de 15 a 17 por Radio Sapiens 102.7- destac\u00f3 la posici\u00f3n que adelant\u00f3 Mart\u00edn Endere en di\u00e1logo con este medio sobre el<a href=\"https:\/\/cdnoticias.com\/index.php\/2022\/02\/03\/endere-debe-ser-una-comision-que-haga-un-informe-que-termine-en-la-justicia\/\" target=\"_blank\" rel=\"noopener\"> acompa\u00f1amiento al proyecto<\/a> para crear una comisi\u00f3n que investigue las denuncias de venta ilegal de terrenos.<\/p>\n<p>&nbsp;<\/p>\n<p>\u201cEl Ejecutivo tambi\u00e9n lo hab\u00eda manifestado en un comunicado. Bienvenido sea, creo que<strong> tenemos que tener un Concejo Deliberante abierto a la comunidad<\/strong> y esta comisi\u00f3n en este contexto es una expresi\u00f3n de ello\u201d, indic\u00f3.<\/p>\n<p>&nbsp;<\/p>\n<p><iframe id=\"audio_81773731\" style=\"width: 100%;\" src=\"https:\/\/ar.ivoox.com\/es\/player_ej_81773731_6_1.html\" height=\"200\" frameborder=\"0\" scrolling=\"no\" allowfullscreen=\"allowfullscreen\"><\/iframe><\/p>\n<p>&nbsp;<\/p>\n<p>Explic\u00f3 que las reiteradas consultas de vecinos y vecinas sobre este tema los llev\u00f3 a convocar a esta sesi\u00f3n especial y afirm\u00f3 que \u201ccreemos que hay que<strong> institucionalizar estos testimonios de vecinos y vecinas<\/strong> que se han sentido estafados, que son damnificados y muchos de ellos han optado por la v\u00eda judicial\u201d.<\/p>\n<p>&nbsp;<\/p>\n<p>Para esto, la conformaci\u00f3n de esta comisi\u00f3n tiene como uno de sus objetivos centrales <strong>\u201cseguir recabando informaci\u00f3n que no tiene que ser sesgada.<\/strong> Los representares de diferentes bloques tienen que ser parte par escuchar a los vecinos y vecinas damnificadas\u201d.<\/p>\n<p>&nbsp;<\/p>\n<blockquote><p>A su vez, reconoci\u00f3 que otro de los objetivos es \u201cque culmine en un informe que est\u00e9 a disposici\u00f3n de la comunidad, de la Justicia y de quien lo requiera\u201d.<\/p><\/blockquote>\n<p>&nbsp;<\/p>\n<p><img data-recalc-dims=\"1\" loading=\"lazy\" decoding=\"async\" class=\"aligncenter wp-image-42546 size-full\" src=\"https:\/\/i0.wp.com\/cdnoticias.com\/wp-content\/uploads\/2021\/12\/Maximiliano-Wesner-Sanchez-Conferencia-Frente-de-Todos.jpg?resize=800%2C445&#038;ssl=1\" alt=\"\" width=\"800\" height=\"445\" srcset=\"https:\/\/i0.wp.com\/cdnoticias.com\/wp-content\/uploads\/2021\/12\/Maximiliano-Wesner-Sanchez-Conferencia-Frente-de-Todos.jpg?w=800&amp;ssl=1 800w, https:\/\/i0.wp.com\/cdnoticias.com\/wp-content\/uploads\/2021\/12\/Maximiliano-Wesner-Sanchez-Conferencia-Frente-de-Todos.jpg?resize=300%2C167&amp;ssl=1 300w, https:\/\/i0.wp.com\/cdnoticias.com\/wp-content\/uploads\/2021\/12\/Maximiliano-Wesner-Sanchez-Conferencia-Frente-de-Todos.jpg?resize=768%2C427&amp;ssl=1 768w\" sizes=\"auto, (max-width: 800px) 100vw, 800px\" \/><\/p>\n<p>&nbsp;<\/p>\n<p>Consultado sobre si se entregar\u00e1 a la Justicia o es la Justicia qui\u00e9n debe solicitar ese informe se\u00f1al\u00f3 que<strong> \u201cestamos charlando por estas horas con compa\u00f1eros y compa\u00f1eras del interbloque si el informe tiene que ser vinculante o no\u201d.<\/strong><\/p>\n<p>&nbsp;<\/p>\n<p>Por otra parte, adelant\u00f3 las<strong> tareas que deber\u00e1 afrontar la comisi\u00f3n<\/strong>: \u201cdeber\u00eda citar a referentes de instituciones, presidente del Colegio de Martilleros, funcionarios, damnificados, escribanos, para enriquecer el informe y obtener diferentes testimonios. Lo cito a modo de ejemplo, lo que se me viene a la mente ahora, pero es un trabajo que se tiene que dar la comisi\u00f3n\u201d.<\/p>\n<p>&nbsp;<\/p>\n<p>Adem\u00e1s, hizo referencia al <a href=\"https:\/\/cdnoticias.com\/index.php\/2022\/02\/03\/endere-debe-ser-una-comision-que-haga-un-informe-que-termine-en-la-justicia\/\" target=\"_blank\" rel=\"noopener\">pedido de Endere de \u201creducir los plazos\u201d de la comisi\u00f3n.<\/a> \u201cSi la celeridad es el punto que mencionaba el presidente del bloque de Juntos<strong> hubiese estado bueno sesionar antes.<\/strong> Quer\u00edamos hacerlo en el d\u00eda de ma\u00f1ana. Obviamente respetando el fundamento de la presidenta del HCD de esperar a que pase enero para no cortar las vacaciones del personal del concejo deliberante. En ese sentido no entendemos por qu\u00e9 un s\u00e1bado, si el fundamento era no cortar las vacaciones del personal, en este caso se los har\u00e1 trabajar un s\u00e1bado\u201d.<\/p>\n","protected":false},"excerpt":{"rendered":"<p>El concejal del Frente de Todos cont\u00f3 que desde el interbloque analizan los destinos del informe que surja de la<\/p>\n","protected":false},"author":5,"featured_media":36250,"comment_status":"closed","ping_status":"closed","sticky":false,"template":"","format":"standard","meta":{"_jetpack_memberships_contains_paid_content":false,"footnotes":""},"categories":[4,1],"tags":[],"class_list":["post-45608","post","type-post","status-publish","format-standard","has-post-thumbnail","hentry","category-politica","category-portada"],"jetpack_featured_media_url":"https:\/\/i0.wp.com\/cdnoticias.com\/wp-content\/uploads\/2021\/10\/Maxi-Wesner4.jpg?fit=4608%2C2564&ssl=1","jetpack_sharing_enabled":true,"_links":{"self":[{"href":"https:\/\/cdnoticias.com\/index.php\/wp-json\/wp\/v2\/posts\/45608","targetHints":{"allow":["GET"]}}],"collection":[{"href":"https:\/\/cdnoticias.com\/index.php\/wp-json\/wp\/v2\/posts"}],"about":[{"href":"https:\/\/cdnoticias.com\/index.php\/wp-json\/wp\/v2\/types\/post"}],"author":[{"embeddable":true,"href":"https:\/\/cdnoticias.com\/index.php\/wp-json\/wp\/v2\/users\/5"}],"replies":[{"embeddable":true,"href":"https:\/\/cdnoticias.com\/index.php\/wp-json\/wp\/v2\/comments?post=45608"}],"version-history":[{"count":0,"href":"https:\/\/cdnoticias.com\/index.php\/wp-json\/wp\/v2\/posts\/45608\/revisions"}],"wp:featuredmedia":[{"embeddable":true,"href":"https:\/\/cdnoticias.com\/index.php\/wp-json\/wp\/v2\/media\/36250"}],"wp:attachment":[{"href":"https:\/\/cdnoticias.com\/index.php\/wp-json\/wp\/v2\/media?parent=45608"}],"wp:term":[{"taxonomy":"category","embeddable":true,"href":"https:\/\/cdnoticias.com\/index.php\/wp-json\/wp\/v2\/categories?post=45608"},{"taxonomy":"post_tag","embeddable":true,"href":"https:\/\/cdnoticias.com\/index.php\/wp-json\/wp\/v2\/tags?post=45608"}],"curies":[{"name":"wp","href":"https:\/\/api.w.org\/{rel}","templated":true}]}}