{"id":45559,"date":"2022-02-06T17:40:52","date_gmt":"2022-02-06T20:40:52","guid":{"rendered":"https:\/\/www.centraldenoticias.com.ar\/?p=45559"},"modified":"2022-02-07T07:50:45","modified_gmt":"2022-02-07T10:50:45","slug":"sandra-lopez-buey-sobre-la-caminata-yoguica-siempre-se-busca-una-cuestion-de-intercambio","status":"publish","type":"post","link":"https:\/\/cdnoticias.com\/index.php\/2022\/02\/06\/sandra-lopez-buey-sobre-la-caminata-yoguica-siempre-se-busca-una-cuestion-de-intercambio\/","title":{"rendered":"Sandra L\u00f3pez Buey sobre la caminata y\u00f3guica: &#8220;siempre se busca una cuesti\u00f3n de intercambio&#8221;"},"content":{"rendered":"<p>Ser\u00e1 el pr\u00f3ximo martes 15 de febrero a las 18:30. La entrada es gratuita y con fines solidarios.<br \/>\n<!--more--><\/p>\n<hr \/>\n<p>&nbsp;<\/p>\n<p>Se realizar\u00e1 una <strong>nueva caminata y\u00f3guica<\/strong> organizada por la <strong>Subsecretar\u00eda de Deportes y Recreaci\u00f3n<\/strong>, a trav\u00e9s de la Direcci\u00f3n de Deportes Social la cual ser\u00e1 con <strong>entrada libre y gratuita.<\/strong><\/p>\n<p>&nbsp;<\/p>\n<p>La caminata se realiza hace <strong>7 a\u00f1os en febrero<\/strong> como cierre de la actividad de verano.\u00a0Ser\u00e1 el <strong>martes 15 de febrero a las 18:30<\/strong> con punto de partida en la <strong>Casa del Bicentenario<\/strong>. Estar\u00e1 a cargo de la <strong>profesora Sandra L\u00f3pez Buey<\/strong> y contar\u00e1 con la colaboraci\u00f3n del Centro Hol\u00edstico \u201cSer Libre\u201d.<\/p>\n<p>&nbsp;<\/p>\n<p><em><strong>Central de Noticias<\/strong> <\/em>dialog\u00f3 con <strong>Sandra L\u00f3pez Buey,<\/strong> profesora a cargo de la actividad quien coment\u00f3 que la<strong> caminata suma t\u00e9cnicas de yoga para &#8220;potenciar los beneficios de la misma<\/strong> y que lleven a que uno<strong> trabaje internamente<\/strong> mientras esta realizando esa actividad externa compartiendo con otros,<strong> de darse cuenta de su estado, de su sentir&#8221;.<\/strong><\/p>\n<p>&nbsp;<\/p>\n<p>Se indic\u00f3 que previo y durante el transcurso de la caminata se<strong> trabajar\u00e1n t\u00e9cnicas posturales y de respiraci\u00f3n<\/strong>. Asimismo se <strong>propondr\u00e1n ejercicios grupales y de meditaci\u00f3n<\/strong> entre todos los presentes.<\/p>\n<p>&nbsp;<\/p>\n<p><img data-recalc-dims=\"1\" loading=\"lazy\" decoding=\"async\" class=\"aligncenter wp-image-45598 size-full\" src=\"https:\/\/i0.wp.com\/cdnoticias.com\/wp-content\/uploads\/2022\/02\/4fe024c4-1ca8-4596-8172-eed23fcb52a6.jpg?resize=800%2C450&#038;ssl=1\" alt=\"\" width=\"800\" height=\"450\" srcset=\"https:\/\/i0.wp.com\/cdnoticias.com\/wp-content\/uploads\/2022\/02\/4fe024c4-1ca8-4596-8172-eed23fcb52a6.jpg?w=960&amp;ssl=1 960w, https:\/\/i0.wp.com\/cdnoticias.com\/wp-content\/uploads\/2022\/02\/4fe024c4-1ca8-4596-8172-eed23fcb52a6.jpg?resize=300%2C169&amp;ssl=1 300w, https:\/\/i0.wp.com\/cdnoticias.com\/wp-content\/uploads\/2022\/02\/4fe024c4-1ca8-4596-8172-eed23fcb52a6.jpg?resize=768%2C432&amp;ssl=1 768w\" sizes=\"auto, (max-width: 800px) 100vw, 800px\" \/><\/p>\n<p>&nbsp;<\/p>\n<p>Sandra L\u00f3pez coment\u00f3 que <strong>el recorrido de la caminata comienza con una meditaci\u00f3n en la Casa del Bicentenario<\/strong> hasta <strong>Coronel Suarez<\/strong>, luego ir\u00e1n a la calle <strong>Brown<\/strong> y despu\u00e9s estar\u00e1n un momento en el <strong>espacio de la fuente.<\/strong> Por \u00faltimo volver\u00e1n por <strong>avenida Del Valle<\/strong> hasta regresar al punto de partida para hacer otras <strong>actividades y otra meditaci\u00f3n grupal.<\/strong><\/p>\n<p>&nbsp;<\/p>\n<p>Se invita a colaborar con <strong>alimentos no perecederos<\/strong> que ser\u00e1n destinados a la instituci\u00f3n Sumando Sonrisas quien luego distribuir\u00e1 los alimentos. Sandra explic\u00f3 que <strong>&#8220;siempre se busca una cuesti\u00f3n de intercambio<\/strong>, que la gente <strong>no s\u00f3lo este recibiendo si no tambi\u00e9n uno dar de su parte,<\/strong> lo llamamos en el yoga el<strong> equilibrio universal&#8221;.\u00a0<\/strong><\/p>\n<p>&nbsp;<\/p>\n<p><img data-recalc-dims=\"1\" loading=\"lazy\" decoding=\"async\" class=\"aligncenter wp-image-45599 size-full\" src=\"https:\/\/i0.wp.com\/cdnoticias.com\/wp-content\/uploads\/2022\/02\/a2c1780c-ec0f-40bc-8791-7a4b0cf000c7.jpg?resize=528%2C960&#038;ssl=1\" alt=\"\" width=\"528\" height=\"960\" srcset=\"https:\/\/i0.wp.com\/cdnoticias.com\/wp-content\/uploads\/2022\/02\/a2c1780c-ec0f-40bc-8791-7a4b0cf000c7.jpg?w=528&amp;ssl=1 528w, https:\/\/i0.wp.com\/cdnoticias.com\/wp-content\/uploads\/2022\/02\/a2c1780c-ec0f-40bc-8791-7a4b0cf000c7.jpg?resize=165%2C300&amp;ssl=1 165w\" sizes=\"auto, (max-width: 528px) 100vw, 528px\" \/><\/p>\n<p>&nbsp;<\/p>\n<p>&nbsp;<\/p>\n<p>Cabe aclarar que <strong>no se necesita ning\u00fan conocimiento previo<\/strong> para participar de la actividad.<\/p>\n<p>&nbsp;<\/p>\n<p>Se solicita llevar <strong>agua de consumo personal, colchoneta o manta. En caso de lluvia, se pospondr\u00e1 para el siguiente d\u00eda.\u00a0<\/strong><\/p>\n<p>&nbsp;<\/p>\n<p>Por \u00faltimo se recuerda que <strong>hace 15 a\u00f1os<\/strong> que se realizan<strong> clases de yoga en la Casa del Bicentenario<\/strong> los d\u00edas <strong>lunes y mi\u00e9rcoles<\/strong> a la ma\u00f1ana.<\/p>\n<p>&nbsp;<\/p>\n","protected":false},"excerpt":{"rendered":"<p>Ser\u00e1 el pr\u00f3ximo martes 15 de febrero a las 18:30. La entrada es gratuita y con fines solidarios.<\/p>\n","protected":false},"author":6,"featured_media":45597,"comment_status":"closed","ping_status":"closed","sticky":false,"template":"","format":"standard","meta":{"_jetpack_memberships_contains_paid_content":false,"footnotes":""},"categories":[9,1],"tags":[],"class_list":["post-45559","post","type-post","status-publish","format-standard","has-post-thumbnail","hentry","category-cultura","category-portada"],"jetpack_featured_media_url":"https:\/\/i0.wp.com\/cdnoticias.com\/wp-content\/uploads\/2022\/02\/6fa51d91-61dc-4296-a37d-21158c878c14.jpg?fit=960%2C540&ssl=1","jetpack_sharing_enabled":true,"_links":{"self":[{"href":"https:\/\/cdnoticias.com\/index.php\/wp-json\/wp\/v2\/posts\/45559","targetHints":{"allow":["GET"]}}],"collection":[{"href":"https:\/\/cdnoticias.com\/index.php\/wp-json\/wp\/v2\/posts"}],"about":[{"href":"https:\/\/cdnoticias.com\/index.php\/wp-json\/wp\/v2\/types\/post"}],"author":[{"embeddable":true,"href":"https:\/\/cdnoticias.com\/index.php\/wp-json\/wp\/v2\/users\/6"}],"replies":[{"embeddable":true,"href":"https:\/\/cdnoticias.com\/index.php\/wp-json\/wp\/v2\/comments?post=45559"}],"version-history":[{"count":0,"href":"https:\/\/cdnoticias.com\/index.php\/wp-json\/wp\/v2\/posts\/45559\/revisions"}],"wp:featuredmedia":[{"embeddable":true,"href":"https:\/\/cdnoticias.com\/index.php\/wp-json\/wp\/v2\/media\/45597"}],"wp:attachment":[{"href":"https:\/\/cdnoticias.com\/index.php\/wp-json\/wp\/v2\/media?parent=45559"}],"wp:term":[{"taxonomy":"category","embeddable":true,"href":"https:\/\/cdnoticias.com\/index.php\/wp-json\/wp\/v2\/categories?post=45559"},{"taxonomy":"post_tag","embeddable":true,"href":"https:\/\/cdnoticias.com\/index.php\/wp-json\/wp\/v2\/tags?post=45559"}],"curies":[{"name":"wp","href":"https:\/\/api.w.org\/{rel}","templated":true}]}}