{"id":45540,"date":"2022-02-03T13:06:00","date_gmt":"2022-02-03T16:06:00","guid":{"rendered":"https:\/\/www.centraldenoticias.com.ar\/?p=45540"},"modified":"2022-02-03T16:30:00","modified_gmt":"2022-02-03T19:30:00","slug":"covid-vacunacion-itinerante-en-barrio-aoma","status":"publish","type":"post","link":"https:\/\/cdnoticias.com\/index.php\/2022\/02\/03\/covid-vacunacion-itinerante-en-barrio-aoma\/","title":{"rendered":"Covid: vacunaci\u00f3n itinerante en barrio AOMA"},"content":{"rendered":"<p>Se lleva adelante hasta las 14 y se invit\u00f3 a los vecinos del sector a acercarse. Podr\u00e1n vacunarse con primera, segunda y tercera dosis todos los grupos de acceso libre.<!--more--><\/p>\n<hr \/>\n<p><a href=\"https:\/\/cdnoticias.com\/index.php\/2022\/02\/02\/covid-19-habra-vacunacion-itinerante-en-diferentes-puntos-de-olavarria\/\" target=\"_blank\" rel=\"noopener\">La Regi\u00f3n Sanitaria IX program\u00f3<\/a><strong> jornadas de vacunaci\u00f3n itinerante<\/strong> contra el Covid en distintos puntos de Olavarr\u00eda y <strong>la primera comenz\u00f3 este jueves en barrio AOMA<\/strong>.<\/p>\n<p>&nbsp;<\/p>\n<p>El puesto se <strong>ubic\u00f3 en el parque de acceso al barrio<\/strong>, a metros de la autopsita Fortabat y all\u00ed estuvo <strong>Central de Noticias<\/strong>.<\/p>\n<p>&nbsp;<\/p>\n<p>[soliloquy id=&#8221;45548&#8243;]<\/p>\n<p>&nbsp;<\/p>\n<p>En alrededor de una hora de atenci\u00f3n al p\u00fablico <strong>se hab\u00edan acercado siete vecinos que se vacunaron<\/strong>, mientras que varias personas lo hab\u00edan hecho <strong>para realizar consultas<\/strong>. La atenci\u00f3n <strong>se mantendr\u00e1 hasta las 14<\/strong>.<\/p>\n<p>&nbsp;<\/p>\n<p>Las postas de vacunaci\u00f3n estar\u00e1n adem\u00e1s en Sierras Bayas, Paseo Jes\u00fas Mend\u00eda y en el Parque Mitre.<\/p>\n<p>&nbsp;<\/p>\n<p>En cada ocasi\u00f3n <strong>se aplicar\u00e1n primeras y segundas dosis, las cuales est\u00e1n habilitadas para toda la poblaci\u00f3n mayor de 3 a\u00f1os<\/strong>. Y tambi\u00e9n<strong> terceras dosis (o refuerzos) para quienes tienen vacunaci\u00f3n libre<\/strong> (mayores de 50 a\u00f1os, fuerza de seguridad, personas con enfermedades preexistentes y embarazadas).<\/p>\n","protected":false},"excerpt":{"rendered":"<p>Se lleva adelante hasta las 14 y se invit\u00f3 a los vecinos del sector a acercarse. Podr\u00e1n vacunarse con primera,<\/p>\n","protected":false},"author":4,"featured_media":45542,"comment_status":"closed","ping_status":"closed","sticky":false,"template":"","format":"standard","meta":{"_jetpack_memberships_contains_paid_content":false,"footnotes":""},"categories":[16,1],"tags":[],"class_list":["post-45540","post","type-post","status-publish","format-standard","has-post-thumbnail","hentry","category-covid-19","category-portada"],"jetpack_featured_media_url":"https:\/\/i0.wp.com\/cdnoticias.com\/wp-content\/uploads\/2022\/02\/vacuna-barrio-aoma-00.jpg?fit=800%2C445&ssl=1","jetpack_sharing_enabled":true,"_links":{"self":[{"href":"https:\/\/cdnoticias.com\/index.php\/wp-json\/wp\/v2\/posts\/45540","targetHints":{"allow":["GET"]}}],"collection":[{"href":"https:\/\/cdnoticias.com\/index.php\/wp-json\/wp\/v2\/posts"}],"about":[{"href":"https:\/\/cdnoticias.com\/index.php\/wp-json\/wp\/v2\/types\/post"}],"author":[{"embeddable":true,"href":"https:\/\/cdnoticias.com\/index.php\/wp-json\/wp\/v2\/users\/4"}],"replies":[{"embeddable":true,"href":"https:\/\/cdnoticias.com\/index.php\/wp-json\/wp\/v2\/comments?post=45540"}],"version-history":[{"count":0,"href":"https:\/\/cdnoticias.com\/index.php\/wp-json\/wp\/v2\/posts\/45540\/revisions"}],"wp:featuredmedia":[{"embeddable":true,"href":"https:\/\/cdnoticias.com\/index.php\/wp-json\/wp\/v2\/media\/45542"}],"wp:attachment":[{"href":"https:\/\/cdnoticias.com\/index.php\/wp-json\/wp\/v2\/media?parent=45540"}],"wp:term":[{"taxonomy":"category","embeddable":true,"href":"https:\/\/cdnoticias.com\/index.php\/wp-json\/wp\/v2\/categories?post=45540"},{"taxonomy":"post_tag","embeddable":true,"href":"https:\/\/cdnoticias.com\/index.php\/wp-json\/wp\/v2\/tags?post=45540"}],"curies":[{"name":"wp","href":"https:\/\/api.w.org\/{rel}","templated":true}]}}