{"id":45436,"date":"2022-02-06T10:35:09","date_gmt":"2022-02-06T13:35:09","guid":{"rendered":"https:\/\/www.centraldenoticias.com.ar\/?p=45436"},"modified":"2022-02-06T10:35:09","modified_gmt":"2022-02-06T13:35:09","slug":"aguilera-se-reunio-con-la-ministra-de-ambiente-bonaerense","status":"publish","type":"post","link":"https:\/\/cdnoticias.com\/index.php\/2022\/02\/06\/aguilera-se-reunio-con-la-ministra-de-ambiente-bonaerense\/","title":{"rendered":"Aguilera se reuni\u00f3 con la Ministra de Ambiente bonaerense"},"content":{"rendered":"<p>El encuentro se concret\u00f3 d\u00edas atr\u00e1s para \u201creforzar el trabajo conjunto con la subsecretar\u00eda de Miner\u00eda\u201d. <!--more--><\/p>\n<hr \/>\n<p>El<strong> subsecretario de Miner\u00eda de la Provincia, Federico Aguilera, mantuvo un encuentro con la ministra de Ambiente de la Provincia, Daniela Vilar<\/strong>, para <strong><em>\u201creforzar el trabajo en conjunto\u201d<\/em> <\/strong>entre las dos \u00e1reas.<\/p>\n<p>&nbsp;<\/p>\n<p><img data-recalc-dims=\"1\" loading=\"lazy\" decoding=\"async\" class=\"alignnone size-large wp-image-45440\" src=\"https:\/\/i0.wp.com\/cdnoticias.com\/wp-content\/uploads\/2022\/02\/aguilera-ambiente1.jpg?resize=800%2C533&#038;ssl=1\" alt=\"\" width=\"800\" height=\"533\" srcset=\"https:\/\/i0.wp.com\/cdnoticias.com\/wp-content\/uploads\/2022\/02\/aguilera-ambiente1.jpg?resize=1024%2C682&amp;ssl=1 1024w, https:\/\/i0.wp.com\/cdnoticias.com\/wp-content\/uploads\/2022\/02\/aguilera-ambiente1.jpg?resize=300%2C200&amp;ssl=1 300w, https:\/\/i0.wp.com\/cdnoticias.com\/wp-content\/uploads\/2022\/02\/aguilera-ambiente1.jpg?resize=768%2C511&amp;ssl=1 768w, https:\/\/i0.wp.com\/cdnoticias.com\/wp-content\/uploads\/2022\/02\/aguilera-ambiente1.jpg?resize=272%2C182&amp;ssl=1 272w, https:\/\/i0.wp.com\/cdnoticias.com\/wp-content\/uploads\/2022\/02\/aguilera-ambiente1.jpg?w=1280&amp;ssl=1 1280w\" sizes=\"auto, (max-width: 800px) 100vw, 800px\" \/><\/p>\n<p>&nbsp;<\/p>\n<blockquote><p>En este sentido, la idea de los funcionarios es <strong><em>\u201cdise\u00f1ar pol\u00edticas p\u00fablicas con perspectiva ambiental\u201d.<\/em><\/strong><\/p><\/blockquote>\n<p>&nbsp;<\/p>\n<p><em><strong>\u201cTambi\u00e9n hicimos eje en el partido de Olavarr\u00eda y la necesidad de seguir trabajando en proyectos superadores d\u00f3nde el desarrollo productivo con mirada sustentable a futuro sean una prioridad\u201d<\/strong><\/em> expres\u00f3 el funcionario olavarriense.<\/p>\n<p>&nbsp;<\/p>\n<p><img data-recalc-dims=\"1\" loading=\"lazy\" decoding=\"async\" class=\"alignnone size-large wp-image-45438\" src=\"https:\/\/i0.wp.com\/cdnoticias.com\/wp-content\/uploads\/2022\/02\/aguilera-ambiente2.jpg?resize=800%2C533&#038;ssl=1\" alt=\"\" width=\"800\" height=\"533\" srcset=\"https:\/\/i0.wp.com\/cdnoticias.com\/wp-content\/uploads\/2022\/02\/aguilera-ambiente2.jpg?resize=1024%2C682&amp;ssl=1 1024w, https:\/\/i0.wp.com\/cdnoticias.com\/wp-content\/uploads\/2022\/02\/aguilera-ambiente2.jpg?resize=300%2C200&amp;ssl=1 300w, https:\/\/i0.wp.com\/cdnoticias.com\/wp-content\/uploads\/2022\/02\/aguilera-ambiente2.jpg?resize=768%2C511&amp;ssl=1 768w, https:\/\/i0.wp.com\/cdnoticias.com\/wp-content\/uploads\/2022\/02\/aguilera-ambiente2.jpg?resize=272%2C182&amp;ssl=1 272w, https:\/\/i0.wp.com\/cdnoticias.com\/wp-content\/uploads\/2022\/02\/aguilera-ambiente2.jpg?w=1280&amp;ssl=1 1280w\" sizes=\"auto, (max-width: 800px) 100vw, 800px\" \/><\/p>\n","protected":false},"excerpt":{"rendered":"<p>El encuentro se concret\u00f3 d\u00edas atr\u00e1s para \u201creforzar el trabajo conjunto con la subsecretar\u00eda de Miner\u00eda\u201d.<\/p>\n","protected":false},"author":2,"featured_media":45439,"comment_status":"closed","ping_status":"closed","sticky":false,"template":"","format":"standard","meta":{"_jetpack_memberships_contains_paid_content":false,"footnotes":""},"categories":[4,1],"tags":[],"class_list":["post-45436","post","type-post","status-publish","format-standard","has-post-thumbnail","hentry","category-politica","category-portada"],"jetpack_featured_media_url":"https:\/\/i0.wp.com\/cdnoticias.com\/wp-content\/uploads\/2022\/02\/aguilera-ambiente.jpg?fit=1280%2C852&ssl=1","jetpack_sharing_enabled":true,"_links":{"self":[{"href":"https:\/\/cdnoticias.com\/index.php\/wp-json\/wp\/v2\/posts\/45436","targetHints":{"allow":["GET"]}}],"collection":[{"href":"https:\/\/cdnoticias.com\/index.php\/wp-json\/wp\/v2\/posts"}],"about":[{"href":"https:\/\/cdnoticias.com\/index.php\/wp-json\/wp\/v2\/types\/post"}],"author":[{"embeddable":true,"href":"https:\/\/cdnoticias.com\/index.php\/wp-json\/wp\/v2\/users\/2"}],"replies":[{"embeddable":true,"href":"https:\/\/cdnoticias.com\/index.php\/wp-json\/wp\/v2\/comments?post=45436"}],"version-history":[{"count":0,"href":"https:\/\/cdnoticias.com\/index.php\/wp-json\/wp\/v2\/posts\/45436\/revisions"}],"wp:featuredmedia":[{"embeddable":true,"href":"https:\/\/cdnoticias.com\/index.php\/wp-json\/wp\/v2\/media\/45439"}],"wp:attachment":[{"href":"https:\/\/cdnoticias.com\/index.php\/wp-json\/wp\/v2\/media?parent=45436"}],"wp:term":[{"taxonomy":"category","embeddable":true,"href":"https:\/\/cdnoticias.com\/index.php\/wp-json\/wp\/v2\/categories?post=45436"},{"taxonomy":"post_tag","embeddable":true,"href":"https:\/\/cdnoticias.com\/index.php\/wp-json\/wp\/v2\/tags?post=45436"}],"curies":[{"name":"wp","href":"https:\/\/api.w.org\/{rel}","templated":true}]}}