{"id":45389,"date":"2022-02-01T20:01:48","date_gmt":"2022-02-01T23:01:48","guid":{"rendered":"https:\/\/www.centraldenoticias.com.ar\/?p=45389"},"modified":"2022-02-02T07:47:21","modified_gmt":"2022-02-02T10:47:21","slug":"el-administrador-general-de-vialidad-recorrio-obras-de-la-ruta-51","status":"publish","type":"post","link":"https:\/\/cdnoticias.com\/index.php\/2022\/02\/01\/el-administrador-general-de-vialidad-recorrio-obras-de-la-ruta-51\/","title":{"rendered":"El Administrador General de Vialidad recorri\u00f3 obras de la Ruta 51"},"content":{"rendered":"<p>Se trata de Hern\u00e1n Y Zurieta, quien visit\u00f3 el lugar junto a concejales del Frente de Todos, quienes le solicitaron la realizaci\u00f3n de nuevas obras.<\/p>\n<p><!--more--><\/p>\n<hr \/>\n<p>En la jornada de este martes arrib\u00f3 a Olavarr\u00eda <strong>Hern\u00e1n Y Zurieta, Administrador General de Vialidad<\/strong>, quien aprovech\u00f3 la ocasi\u00f3n para <strong>recorrer junto a concejales del Frente de Todos las obras en el acceso de Ruta Provincial N\u00ba 51 y Fortabat<\/strong><\/p>\n<p>&nbsp;<\/p>\n<p>Estuvo acompa\u00f1ado por Maximiliano Wesner, Ubaldo Garc\u00eda, Natalia \u00c1lvarez e In\u00e9s Creimer. Durante la recorrida el Administrador General de Vialidad <strong>aprovech\u00f3 la ocasi\u00f3n para intercambiar diferentes ideas y proyectos.<\/strong><\/p>\n<p>&nbsp;<\/p>\n<p><img data-recalc-dims=\"1\" loading=\"lazy\" decoding=\"async\" class=\"alignnone size-large wp-image-45390\" src=\"https:\/\/i0.wp.com\/cdnoticias.com\/wp-content\/uploads\/2022\/02\/WhatsApp-Image-2022-02-01-at-19.48.19.jpeg?resize=800%2C600&#038;ssl=1\" alt=\"\" width=\"800\" height=\"600\" srcset=\"https:\/\/i0.wp.com\/cdnoticias.com\/wp-content\/uploads\/2022\/02\/WhatsApp-Image-2022-02-01-at-19.48.19.jpeg?resize=1024%2C768&amp;ssl=1 1024w, https:\/\/i0.wp.com\/cdnoticias.com\/wp-content\/uploads\/2022\/02\/WhatsApp-Image-2022-02-01-at-19.48.19.jpeg?resize=300%2C225&amp;ssl=1 300w, https:\/\/i0.wp.com\/cdnoticias.com\/wp-content\/uploads\/2022\/02\/WhatsApp-Image-2022-02-01-at-19.48.19.jpeg?resize=768%2C576&amp;ssl=1 768w, https:\/\/i0.wp.com\/cdnoticias.com\/wp-content\/uploads\/2022\/02\/WhatsApp-Image-2022-02-01-at-19.48.19.jpeg?resize=1536%2C1152&amp;ssl=1 1536w, https:\/\/i0.wp.com\/cdnoticias.com\/wp-content\/uploads\/2022\/02\/WhatsApp-Image-2022-02-01-at-19.48.19.jpeg?w=1600&amp;ssl=1 1600w\" sizes=\"auto, (max-width: 800px) 100vw, 800px\" \/><\/p>\n<p>&nbsp;<\/p>\n<p>Por su parte Maximiliano Wesner fue el encargado de difundir la actividad y sobre la obra indic\u00f3 que \u201c<strong>es un reclamo hist\u00f3rico ya que se trata de un acceso a la ciudad muy transitado y ser\u00e1 fundamental para una mayor seguridad vial\u201d.<\/strong><\/p>\n<p>&nbsp;<\/p>\n<p>Adem\u00e1s adelant\u00f3 que junto al resto de concejales<strong> le solicitaron a Y Zurieta\u00a0 la obra en el acceso Sur de Ruta Provincial N\u00ba 51 y Avellaneda, y la demarcaci\u00f3n y respectiva se\u00f1al\u00e9tica para el enlace N\u00e9stor Kirchner.<\/strong><\/p>\n","protected":false},"excerpt":{"rendered":"<p>Se trata de Hern\u00e1n Y Zurieta, quien visit\u00f3 el lugar junto a concejales del Frente de Todos, quienes le solicitaron<\/p>\n","protected":false},"author":3,"featured_media":45392,"comment_status":"closed","ping_status":"closed","sticky":false,"template":"","format":"standard","meta":{"_jetpack_memberships_contains_paid_content":false,"footnotes":""},"categories":[5,1],"tags":[],"class_list":["post-45389","post","type-post","status-publish","format-standard","has-post-thumbnail","hentry","category-informacion-general","category-portada"],"jetpack_featured_media_url":"https:\/\/i0.wp.com\/cdnoticias.com\/wp-content\/uploads\/2022\/02\/WhatsApp-Image-2022-02-01-at-19.48.32.jpeg?fit=1440%2C1080&ssl=1","jetpack_sharing_enabled":true,"_links":{"self":[{"href":"https:\/\/cdnoticias.com\/index.php\/wp-json\/wp\/v2\/posts\/45389","targetHints":{"allow":["GET"]}}],"collection":[{"href":"https:\/\/cdnoticias.com\/index.php\/wp-json\/wp\/v2\/posts"}],"about":[{"href":"https:\/\/cdnoticias.com\/index.php\/wp-json\/wp\/v2\/types\/post"}],"author":[{"embeddable":true,"href":"https:\/\/cdnoticias.com\/index.php\/wp-json\/wp\/v2\/users\/3"}],"replies":[{"embeddable":true,"href":"https:\/\/cdnoticias.com\/index.php\/wp-json\/wp\/v2\/comments?post=45389"}],"version-history":[{"count":0,"href":"https:\/\/cdnoticias.com\/index.php\/wp-json\/wp\/v2\/posts\/45389\/revisions"}],"wp:featuredmedia":[{"embeddable":true,"href":"https:\/\/cdnoticias.com\/index.php\/wp-json\/wp\/v2\/media\/45392"}],"wp:attachment":[{"href":"https:\/\/cdnoticias.com\/index.php\/wp-json\/wp\/v2\/media?parent=45389"}],"wp:term":[{"taxonomy":"category","embeddable":true,"href":"https:\/\/cdnoticias.com\/index.php\/wp-json\/wp\/v2\/categories?post=45389"},{"taxonomy":"post_tag","embeddable":true,"href":"https:\/\/cdnoticias.com\/index.php\/wp-json\/wp\/v2\/tags?post=45389"}],"curies":[{"name":"wp","href":"https:\/\/api.w.org\/{rel}","templated":true}]}}