{"id":45327,"date":"2022-02-01T12:51:37","date_gmt":"2022-02-01T15:51:37","guid":{"rendered":"https:\/\/www.centraldenoticias.com.ar\/?p=45327"},"modified":"2022-02-02T08:25:56","modified_gmt":"2022-02-02T11:25:56","slug":"venta-ilegal-de-terrenos-el-hcd-sesionara-el-sabado-para-tratar-la-propuesta-del-fdt","status":"publish","type":"post","link":"https:\/\/cdnoticias.com\/index.php\/2022\/02\/01\/venta-ilegal-de-terrenos-el-hcd-sesionara-el-sabado-para-tratar-la-propuesta-del-fdt\/","title":{"rendered":"Venta ilegal de terrenos: el HCD sesionar\u00e1 el s\u00e1bado para tratar la propuesta del FDT"},"content":{"rendered":"<p>Lo dispuso la Presidencia del Concejo este martes. La sesi\u00f3n comenzar\u00e1 a las 9 en el Sal\u00f3n de la Sociedad Espa\u00f1ola.<!--more--><\/p>\n<hr \/>\n<p><strong>\u201cCecilia Krivochen convoc\u00f3 a sesi\u00f3n extraordinaria del Concejo Deliberante de Olavarr\u00eda\u201d<\/strong> se dio a conocer este martes desde el Legislativo, en base a la <a href=\"https:\/\/cdnoticias.com\/index.php\/2022\/01\/22\/piden-la-creacion-de-una-comision-especial-para-analizar-la-venta-ilegal-de-terrenos\/\" target=\"_blank\" rel=\"noopener\">presentaci\u00f3n del Frente de Todos planteada hace m\u00e1s de una semana<\/a>.<\/p>\n<p>&nbsp;<\/p>\n<p>La sesi\u00f3n extraordinaria <strong>se har\u00e1 el s\u00e1bado 5 de febrero a las 9 en el Sal\u00f3n de la Sociedad Espa\u00f1ola<\/strong>. Se dar\u00e1 \u201ctratamiento al expediente 004\/22\u201d con la solicitud de la oposici\u00f3n.<\/p>\n<p>&nbsp;<\/p>\n<p><img data-recalc-dims=\"1\" loading=\"lazy\" decoding=\"async\" class=\"size-full wp-image-42541 aligncenter\" src=\"https:\/\/i0.wp.com\/cdnoticias.com\/wp-content\/uploads\/2021\/12\/Conferencia-Frente-de-Todos.jpg?resize=800%2C445&#038;ssl=1\" alt=\"\" width=\"800\" height=\"445\" srcset=\"https:\/\/i0.wp.com\/cdnoticias.com\/wp-content\/uploads\/2021\/12\/Conferencia-Frente-de-Todos.jpg?w=800&amp;ssl=1 800w, https:\/\/i0.wp.com\/cdnoticias.com\/wp-content\/uploads\/2021\/12\/Conferencia-Frente-de-Todos.jpg?resize=300%2C167&amp;ssl=1 300w, https:\/\/i0.wp.com\/cdnoticias.com\/wp-content\/uploads\/2021\/12\/Conferencia-Frente-de-Todos.jpg?resize=768%2C427&amp;ssl=1 768w\" sizes=\"auto, (max-width: 800px) 100vw, 800px\" \/><\/p>\n<p>&nbsp;<\/p>\n<blockquote><p>La presidenta del Concejo, Cecilia Krivochen, destac\u00f3: \u201cteniendo en cuenta el receso administrativo que culmin\u00f3 este lunes, hemos trabajado para garantizar la realizaci\u00f3n de la sesi\u00f3n y que la misma se pueda llevar adelante con total normalidad\u201d.<\/p><\/blockquote>\n<p>&nbsp;<\/p>\n<p>Por \u00faltimo se inform\u00f3 que a los fines de la sesi\u00f3n extraordinaria los presidentes de los distintos bloques pol\u00edticos fueron convocados a <strong>reuni\u00f3n de Labor Parlamentaria para el d\u00eda viernes a las 9 horas<\/strong>.<\/p>\n<p>&nbsp;<\/p>\n","protected":false},"excerpt":{"rendered":"<p>Lo dispuso la Presidencia del Concejo este martes. La sesi\u00f3n comenzar\u00e1 a las 9 en el Sal\u00f3n de la Sociedad<\/p>\n","protected":false},"author":4,"featured_media":36915,"comment_status":"closed","ping_status":"closed","sticky":false,"template":"","format":"standard","meta":{"_jetpack_memberships_contains_paid_content":false,"footnotes":""},"categories":[4,1],"tags":[],"class_list":["post-45327","post","type-post","status-publish","format-standard","has-post-thumbnail","hentry","category-politica","category-portada"],"jetpack_featured_media_url":"https:\/\/i0.wp.com\/cdnoticias.com\/wp-content\/uploads\/2021\/10\/HCD-cecilia-krivochen.jpg?fit=1366%2C768&ssl=1","jetpack_sharing_enabled":true,"_links":{"self":[{"href":"https:\/\/cdnoticias.com\/index.php\/wp-json\/wp\/v2\/posts\/45327","targetHints":{"allow":["GET"]}}],"collection":[{"href":"https:\/\/cdnoticias.com\/index.php\/wp-json\/wp\/v2\/posts"}],"about":[{"href":"https:\/\/cdnoticias.com\/index.php\/wp-json\/wp\/v2\/types\/post"}],"author":[{"embeddable":true,"href":"https:\/\/cdnoticias.com\/index.php\/wp-json\/wp\/v2\/users\/4"}],"replies":[{"embeddable":true,"href":"https:\/\/cdnoticias.com\/index.php\/wp-json\/wp\/v2\/comments?post=45327"}],"version-history":[{"count":0,"href":"https:\/\/cdnoticias.com\/index.php\/wp-json\/wp\/v2\/posts\/45327\/revisions"}],"wp:featuredmedia":[{"embeddable":true,"href":"https:\/\/cdnoticias.com\/index.php\/wp-json\/wp\/v2\/media\/36915"}],"wp:attachment":[{"href":"https:\/\/cdnoticias.com\/index.php\/wp-json\/wp\/v2\/media?parent=45327"}],"wp:term":[{"taxonomy":"category","embeddable":true,"href":"https:\/\/cdnoticias.com\/index.php\/wp-json\/wp\/v2\/categories?post=45327"},{"taxonomy":"post_tag","embeddable":true,"href":"https:\/\/cdnoticias.com\/index.php\/wp-json\/wp\/v2\/tags?post=45327"}],"curies":[{"name":"wp","href":"https:\/\/api.w.org\/{rel}","templated":true}]}}