{"id":45323,"date":"2022-02-01T12:15:08","date_gmt":"2022-02-01T15:15:08","guid":{"rendered":"https:\/\/www.centraldenoticias.com.ar\/?p=45323"},"modified":"2022-02-02T07:54:00","modified_gmt":"2022-02-02T10:54:00","slug":"las-empresas-de-transporte-publico-solicitaron-un-aumento-en-la-tarifa","status":"publish","type":"post","link":"https:\/\/cdnoticias.com\/index.php\/2022\/02\/01\/las-empresas-de-transporte-publico-solicitaron-un-aumento-en-la-tarifa\/","title":{"rendered":"Las empresas de Transporte P\u00fablico solicitaron un aumento en la tarifa"},"content":{"rendered":"<p>Fue presentado este martes en el Palacio San Mart\u00edn. No especificaron un porcentaje de aumento, aunque pidieron \u201crealizar un estudio de costos\u201d. No hay subas desde febrero de 2020: es el boleto m\u00e1s econ\u00f3mico del interior de la Provincia. <!--more--><\/p>\n<hr \/>\n<p>Con el inicio de febrero y la reanudaci\u00f3n de varias actividades administrativas, <strong>las dos empresas de Transporte P\u00fablico local, Tu Bus y Ola Bus, presentaron un pedido para aumentar la tarifa del servicio mediante \u201cun estudio de costos\u201d.<\/strong><\/p>\n<p>&nbsp;<\/p>\n<p>Seg\u00fan se logr\u00f3 saber, el pedido ingres\u00f3 por Mesa de Entradas del Municipio y se encuentra en el \u00e1rea de Hacienda para ser analizado. <strong>Cabe se\u00f1alar que no solicitaron un porcentaje espec\u00edfico: solo que surja de un \u201cestudio de costos\u201d que determine una suba para el boleto tanto urbano como interurbano.<\/strong><\/p>\n<p>&nbsp;<\/p>\n<blockquote><p>N<strong>o hay subas desde diciembre de 2019. Ese aumento fue aplicado en febrero de 2020, un mes antes de la pandemia.<\/strong> Y despu\u00e9s, claro est\u00e1, fue uno de los tantos sectores castigados por el coronavirus.<\/p><\/blockquote>\n<p>&nbsp;<\/p>\n<p>Actualmente,<strong> el valor de la tarifa es <em>\u201cla m\u00e1s econ\u00f3mica de la Provincia de Buenos Aires\u201d<\/em> con un precio de $33,20 en el urbano<\/strong>, mientras que el promedio de las ciudades m\u00e1s importantes del interior bonaerense<strong> superan los $60.<\/strong><\/p>\n<p>&nbsp;<\/p>\n<p>Los valores del interurbano, en tanto, son Loma Negra y Villa Mi Serran\u00eda $37,78; Sierras Bayas $41,65; Colonia San Miguel $44,74; Hinojo $38,57 y Sierra Chica $34,70.<\/p>\n<p>&nbsp;<\/p>\n<p>Un dato a tener en cuenta es que<strong> la \u00fanica forma en que el Intendente Galli puede subir la tarifa por medio de un decreto es que se confirme un aumento de la tarifa a nivel provincial, y s\u00f3lo podr\u00e1 adherir a la normativa provincial: es decir, no podr\u00e1 aumentar m\u00e1s que lo que anuncie el gobierno de Kicillof, que a su vez, de hacerlo, adherir\u00eda a una suba nacional.<\/strong><\/p>\n<p>&nbsp;<\/p>\n<p>Cualquier otro aumento que se busque impulsar deber\u00e1 ser analizado y aprobado por el Concejo Deliberante.<\/p>\n","protected":false},"excerpt":{"rendered":"<p>Fue presentado este martes en el Palacio San Mart\u00edn. No especificaron un porcentaje de aumento, aunque pidieron \u201crealizar un estudio<\/p>\n","protected":false},"author":2,"featured_media":1042,"comment_status":"closed","ping_status":"closed","sticky":false,"template":"","format":"standard","meta":{"_jetpack_memberships_contains_paid_content":false,"footnotes":""},"categories":[5,1],"tags":[],"class_list":["post-45323","post","type-post","status-publish","format-standard","has-post-thumbnail","hentry","category-informacion-general","category-portada"],"jetpack_featured_media_url":"https:\/\/i0.wp.com\/cdnoticias.com\/wp-content\/uploads\/2020\/09\/TuBus-1024x683.jpg?fit=1024%2C683&ssl=1","jetpack_sharing_enabled":true,"_links":{"self":[{"href":"https:\/\/cdnoticias.com\/index.php\/wp-json\/wp\/v2\/posts\/45323","targetHints":{"allow":["GET"]}}],"collection":[{"href":"https:\/\/cdnoticias.com\/index.php\/wp-json\/wp\/v2\/posts"}],"about":[{"href":"https:\/\/cdnoticias.com\/index.php\/wp-json\/wp\/v2\/types\/post"}],"author":[{"embeddable":true,"href":"https:\/\/cdnoticias.com\/index.php\/wp-json\/wp\/v2\/users\/2"}],"replies":[{"embeddable":true,"href":"https:\/\/cdnoticias.com\/index.php\/wp-json\/wp\/v2\/comments?post=45323"}],"version-history":[{"count":0,"href":"https:\/\/cdnoticias.com\/index.php\/wp-json\/wp\/v2\/posts\/45323\/revisions"}],"wp:featuredmedia":[{"embeddable":true,"href":"https:\/\/cdnoticias.com\/index.php\/wp-json\/wp\/v2\/media\/1042"}],"wp:attachment":[{"href":"https:\/\/cdnoticias.com\/index.php\/wp-json\/wp\/v2\/media?parent=45323"}],"wp:term":[{"taxonomy":"category","embeddable":true,"href":"https:\/\/cdnoticias.com\/index.php\/wp-json\/wp\/v2\/categories?post=45323"},{"taxonomy":"post_tag","embeddable":true,"href":"https:\/\/cdnoticias.com\/index.php\/wp-json\/wp\/v2\/tags?post=45323"}],"curies":[{"name":"wp","href":"https:\/\/api.w.org\/{rel}","templated":true}]}}