{"id":4531,"date":"2020-10-21T10:22:41","date_gmt":"2020-10-21T13:22:41","guid":{"rendered":"http:\/\/www.centraldenoticias.com.ar\/?p=4531"},"modified":"2020-10-21T10:42:51","modified_gmt":"2020-10-21T13:42:51","slug":"liliana-schwindt-salio-en-defensa-de-juan-grabois","status":"publish","type":"post","link":"https:\/\/cdnoticias.com\/index.php\/2020\/10\/21\/liliana-schwindt-salio-en-defensa-de-juan-grabois\/","title":{"rendered":"Liliana Schwindt sali\u00f3 en defensa de Juan Grabois"},"content":{"rendered":"<p>La diputada nacional olavarriense por el Frente de Todos le respondi\u00f3 a su par de la UCR: \u201cno hagan uso pol\u00edtico de una necesidad y de un problema que se agrav\u00f3 por impericia\u201d.<!--more--><\/p>\n<hr \/>\n<p>Tras las versiones que circularon por distintas v\u00edas acerca de lo sucedido en la tarde del <a href=\"https:\/\/cdnoticias.com\/index.php\/2020\/10\/20\/graves-incidentes-frente-al-municipio-intervino-el-gad\/\" target=\"_blank\" rel=\"noopener\">martes en Olavarr\u00eda<\/a>, la diputada nacional Liliana Schwindt (Frente de Todos) sali\u00f3 en respuesta y plante\u00f3 <strong>\u201cnos duele demasiado todo ac\u00e1, como para sumar desinformaci\u00f3n\u201d<\/strong>.<\/p>\n<p>Su mensaje estuvo dirigido a una publicaci\u00f3n previa de su par de la C\u00e1mara, \u00c1lvaro de Lamadrid de la UCR, aunque busc\u00f3 responder a Juntos por el Cambio en general. El diputado nacional por CABA hab\u00eda afirmado que \u201cel intendente de Olavarr\u00eda acaba de denunciar que gente de Grabois quiso tomar la Municipalidad\u201d seguido de una opini\u00f3n.<\/p>\n<blockquote class=\"twitter-tweet\">\n<p dir=\"ltr\" lang=\"es\">Si van a opinar de problemas locales tomen la precauci\u00f3n de informarse correctamente. No vinculen a <a href=\"https:\/\/twitter.com\/JuanGrabois?ref_src=twsrc%5Etfw\">@JuanGrabois<\/a> con usurpaciones. No hagan uso politico de una necesidad y d un problema q se agrav\u00f3 x impericia. Nos duele demasiado todo ac\u00e1, como para sumar desinformaci\u00f3n <a href=\"https:\/\/t.co\/g7VBdkBkOa\">https:\/\/t.co\/g7VBdkBkOa<\/a><\/p>\n<p>\u2014 Liliana Schwindt (@LILIDEOLAVARRIA) <a href=\"https:\/\/twitter.com\/LILIDEOLAVARRIA\/status\/1318767728044494848?ref_src=twsrc%5Etfw\">October 21, 2020<\/a><\/p><\/blockquote>\n<p><script async src=\"https:\/\/platform.twitter.com\/widgets.js\" charset=\"utf-8\"><\/script><\/p>\n<p>Ante ello, la diputada olavarriense replic\u00f3 ese mensaje con un cuestionamiento a la falta de veracidad. <strong>\u201cSi van a opinar de problemas locales tomen la precauci\u00f3n de informarse correctamente. No vinculen a Juan Grabois con usurpaciones\u201d<\/strong> se\u00f1al\u00f3.<\/p>\n<p>Y plante\u00f3 inmediatamente: <strong>\u201cno hagan uso pol\u00edtico de una necesidad y de un problema que se agrav\u00f3 por impericia\u201d<\/strong> en cr\u00edtica a la gesti\u00f3n de Ezequiel Galli <a href=\"https:\/\/cdnoticias.com\/index.php\/2020\/10\/20\/dos-denuncias-por-violencia-policial-y-no-se-judicializo-la-sentada-de-la-mesa-de-emergencia\/\" target=\"_blank\" rel=\"noopener\">tras los hechos de violencia<\/a>.<\/p>\n<p>Cabe se\u00f1alar que tambi\u00e9n desde el MTE local, la agrupaci\u00f3n pol\u00edtica de Grabois, <a href=\"https:\/\/cdnoticias.com\/index.php\/2020\/10\/21\/desde-el-mte-local-desmintieron-versiones-de-medios-nacionales\/\" target=\"_blank\" rel=\"noopener\">desmintieron su vinculaci\u00f3n<\/a> con lo sucedido el martes frente a la Municipalidad.<\/p>\n","protected":false},"excerpt":{"rendered":"<p>La diputada nacional olavarriense por el Frente de Todos le respondi\u00f3 a su par de la UCR: \u201cno hagan uso<\/p>\n","protected":false},"author":4,"featured_media":571,"comment_status":"closed","ping_status":"closed","sticky":false,"template":"","format":"standard","meta":{"_jetpack_memberships_contains_paid_content":false,"footnotes":""},"categories":[4,1],"tags":[],"class_list":["post-4531","post","type-post","status-publish","format-standard","has-post-thumbnail","hentry","category-politica","category-portada"],"jetpack_featured_media_url":"https:\/\/i0.wp.com\/cdnoticias.com\/wp-content\/uploads\/2020\/09\/Liliana-Schwindt1.jpg?fit=707%2C403&ssl=1","jetpack_sharing_enabled":true,"_links":{"self":[{"href":"https:\/\/cdnoticias.com\/index.php\/wp-json\/wp\/v2\/posts\/4531","targetHints":{"allow":["GET"]}}],"collection":[{"href":"https:\/\/cdnoticias.com\/index.php\/wp-json\/wp\/v2\/posts"}],"about":[{"href":"https:\/\/cdnoticias.com\/index.php\/wp-json\/wp\/v2\/types\/post"}],"author":[{"embeddable":true,"href":"https:\/\/cdnoticias.com\/index.php\/wp-json\/wp\/v2\/users\/4"}],"replies":[{"embeddable":true,"href":"https:\/\/cdnoticias.com\/index.php\/wp-json\/wp\/v2\/comments?post=4531"}],"version-history":[{"count":0,"href":"https:\/\/cdnoticias.com\/index.php\/wp-json\/wp\/v2\/posts\/4531\/revisions"}],"wp:featuredmedia":[{"embeddable":true,"href":"https:\/\/cdnoticias.com\/index.php\/wp-json\/wp\/v2\/media\/571"}],"wp:attachment":[{"href":"https:\/\/cdnoticias.com\/index.php\/wp-json\/wp\/v2\/media?parent=4531"}],"wp:term":[{"taxonomy":"category","embeddable":true,"href":"https:\/\/cdnoticias.com\/index.php\/wp-json\/wp\/v2\/categories?post=4531"},{"taxonomy":"post_tag","embeddable":true,"href":"https:\/\/cdnoticias.com\/index.php\/wp-json\/wp\/v2\/tags?post=4531"}],"curies":[{"name":"wp","href":"https:\/\/api.w.org\/{rel}","templated":true}]}}