{"id":45287,"date":"2022-01-31T18:45:56","date_gmt":"2022-01-31T21:45:56","guid":{"rendered":"https:\/\/www.centraldenoticias.com.ar\/?p=45287"},"modified":"2022-01-31T18:45:56","modified_gmt":"2022-01-31T21:45:56","slug":"detencion-y-cambio-de-fiscalia-en-la-causa-del-joven-apunalado","status":"publish","type":"post","link":"https:\/\/cdnoticias.com\/index.php\/2022\/01\/31\/detencion-y-cambio-de-fiscalia-en-la-causa-del-joven-apunalado\/","title":{"rendered":"Detenci\u00f3n y cambio de fiscal\u00eda en la causa del joven apu\u00f1alado"},"content":{"rendered":"<p>La v\u00edctima evoluciona favorablemente y dej\u00f3 el \u00e1rea de cuidados intensivos. Su agresor ya est\u00e1 a disposici\u00f3n de la justicia y se trata de un familiar pol\u00edtico.<!--more--><\/p>\n<hr \/>\n<p>En la tarde del \u00faltimo s\u00e1bado un violento episodio tuvo como escenario el cruce de avenida Pueyrred\u00f3n y Santa Cruz, donde <a href=\"https:\/\/cdnoticias.com\/index.php\/2022\/01\/29\/un-joven-fue-apunalado-en-el-pecho-y-esta-grave\/\" target=\"_blank\" rel=\"noopener\">un joven de 29 a\u00f1os sufri\u00f3 un puntazo que le ocasion\u00f3 severas lesiones<\/a> a la altura del pecho, por lo que debi\u00f3 se trasladado de urgencia al Hospital Municipal \u201cDoctor H\u00e9ctor Cura\u201d, donde ingres\u00f3 con \u201cc\u00f3digo rojo\u201d.<\/p>\n<p>&nbsp;<\/p>\n<p>En las \u00faltimas horas se produjeron importantes novedades. La primera de ellas es la evoluci\u00f3n favorable de la v\u00edctima, al punto que<strong> abandon\u00f3 la Unidad de Terapia Intensiva<\/strong> y actualmente se encuentra internado en el sector de cuidados generales.<\/p>\n<p>&nbsp;<\/p>\n<p><img data-recalc-dims=\"1\" loading=\"lazy\" decoding=\"async\" class=\"alignnone size-large wp-image-40653\" src=\"https:\/\/i0.wp.com\/cdnoticias.com\/wp-content\/uploads\/2021\/12\/WhatsApp-Image-2021-12-06-at-15.42.27-1.jpeg?resize=800%2C450&#038;ssl=1\" alt=\"\" width=\"800\" height=\"450\" srcset=\"https:\/\/i0.wp.com\/cdnoticias.com\/wp-content\/uploads\/2021\/12\/WhatsApp-Image-2021-12-06-at-15.42.27-1.jpeg?resize=1024%2C576&amp;ssl=1 1024w, https:\/\/i0.wp.com\/cdnoticias.com\/wp-content\/uploads\/2021\/12\/WhatsApp-Image-2021-12-06-at-15.42.27-1.jpeg?resize=300%2C169&amp;ssl=1 300w, https:\/\/i0.wp.com\/cdnoticias.com\/wp-content\/uploads\/2021\/12\/WhatsApp-Image-2021-12-06-at-15.42.27-1.jpeg?resize=768%2C432&amp;ssl=1 768w, https:\/\/i0.wp.com\/cdnoticias.com\/wp-content\/uploads\/2021\/12\/WhatsApp-Image-2021-12-06-at-15.42.27-1.jpeg?w=1600&amp;ssl=1 1600w\" sizes=\"auto, (max-width: 800px) 100vw, 800px\" \/><\/p>\n<p>&nbsp;<\/p>\n<p>&nbsp;<\/p>\n<p>No menos relevante es la captura del presunto agresor, situaci\u00f3n que tambi\u00e9n se concret\u00f3 en la jornada de este lunes. Su detenci\u00f3n permiti\u00f3 ver otra novedad y es que <strong>la causa ya es encabezada desde la fiscal\u00eda en Violencia Familia y de G\u00e9nero<\/strong>, que lidera la fiscal Viviana Beyt\u00eda. Seg\u00fan fue confiado a este portal, los<strong> implicados son familiares pol\u00edticos<\/strong>, motivo por el que tambi\u00e9n se elude la publicaci\u00f3n de nombres propios, para resguardar la identidad e integridad tambi\u00e9n de las personas del entorno.<\/p>\n<p>&nbsp;<\/p>\n<p>Lo concreto es que el acusado, de 43 a\u00f1os, fue interceptado por agentes de la comisar\u00eda Segunda en las cercan\u00edas del cruce de San Mart\u00edn y avenida Urquiza. Actualmente se encuentra alojado en esa seccional policial, a disposici\u00f3n de la Justicia e imputado por el delito de<strong> \u201chomicidio en grado de tentativa\u201d.<\/strong><\/p>\n","protected":false},"excerpt":{"rendered":"<p>La v\u00edctima evoluciona favorablemente y dej\u00f3 el \u00e1rea de cuidados intensivos. Su agresor ya est\u00e1 a disposici\u00f3n de la justicia<\/p>\n","protected":false},"author":4,"featured_media":45263,"comment_status":"closed","ping_status":"closed","sticky":false,"template":"","format":"standard","meta":{"_jetpack_memberships_contains_paid_content":false,"footnotes":""},"categories":[14,1],"tags":[],"class_list":["post-45287","post","type-post","status-publish","format-standard","has-post-thumbnail","hentry","category-policiales","category-portada"],"jetpack_featured_media_url":"https:\/\/i0.wp.com\/cdnoticias.com\/wp-content\/uploads\/2022\/01\/detenido-segunda.jpg?fit=800%2C445&ssl=1","jetpack_sharing_enabled":true,"_links":{"self":[{"href":"https:\/\/cdnoticias.com\/index.php\/wp-json\/wp\/v2\/posts\/45287","targetHints":{"allow":["GET"]}}],"collection":[{"href":"https:\/\/cdnoticias.com\/index.php\/wp-json\/wp\/v2\/posts"}],"about":[{"href":"https:\/\/cdnoticias.com\/index.php\/wp-json\/wp\/v2\/types\/post"}],"author":[{"embeddable":true,"href":"https:\/\/cdnoticias.com\/index.php\/wp-json\/wp\/v2\/users\/4"}],"replies":[{"embeddable":true,"href":"https:\/\/cdnoticias.com\/index.php\/wp-json\/wp\/v2\/comments?post=45287"}],"version-history":[{"count":0,"href":"https:\/\/cdnoticias.com\/index.php\/wp-json\/wp\/v2\/posts\/45287\/revisions"}],"wp:featuredmedia":[{"embeddable":true,"href":"https:\/\/cdnoticias.com\/index.php\/wp-json\/wp\/v2\/media\/45263"}],"wp:attachment":[{"href":"https:\/\/cdnoticias.com\/index.php\/wp-json\/wp\/v2\/media?parent=45287"}],"wp:term":[{"taxonomy":"category","embeddable":true,"href":"https:\/\/cdnoticias.com\/index.php\/wp-json\/wp\/v2\/categories?post=45287"},{"taxonomy":"post_tag","embeddable":true,"href":"https:\/\/cdnoticias.com\/index.php\/wp-json\/wp\/v2\/tags?post=45287"}],"curies":[{"name":"wp","href":"https:\/\/api.w.org\/{rel}","templated":true}]}}