{"id":45279,"date":"2022-01-31T20:25:59","date_gmt":"2022-01-31T23:25:59","guid":{"rendered":"https:\/\/www.centraldenoticias.com.ar\/?p=45279"},"modified":"2022-02-01T09:24:48","modified_gmt":"2022-02-01T12:24:48","slug":"liliana-schwindt-hoy-la-vedette-de-esta-subsecretaria-es-precios-cuidados","status":"publish","type":"post","link":"https:\/\/cdnoticias.com\/index.php\/2022\/01\/31\/liliana-schwindt-hoy-la-vedette-de-esta-subsecretaria-es-precios-cuidados\/","title":{"rendered":"Liliana Schwindt: \u201cHoy la vedette de esta subsecretar\u00eda es Precios Cuidados\u201d"},"content":{"rendered":"<p>La olavarriense asumi\u00f3 este lunes en la Secretar\u00eda de Comercio Interior de la Naci\u00f3n. En di\u00e1logo con<em> Central Radio<\/em> habl\u00f3 de los desaf\u00edos de su nuevo rol y la importancia del programa al momento de formar precios.<!--more--><\/p>\n<hr \/>\n<p>Este lunes se conoci\u00f3 que Liliana Schwindt se incorpor\u00f3 a la Secretar\u00eda de Comercio Interior de la Naci\u00f3n como<a href=\"https:\/\/cdnoticias.com\/index.php\/2022\/01\/31\/liliana-schwindt-a-la-secretaria-de-comercio-interior\/\" target=\"_blank\" rel=\"noopener\"> subsecretaria de Acciones para la Defensa de las y los Consumidores.<\/a> De esta manera reemplazar\u00e1 a D\u00e9bora Giorgi, quien dej\u00f3 el cargo a inicios de diciembre.<\/p>\n<p>&nbsp;<\/p>\n<p>En di\u00e1logo con <em>Central Radio<\/em> -programa que se emite de lunes a viernes de 15 a 17 por Radio Sapiens FM 102.7- asegur\u00f3 que el nombramiento implica<strong> \u201cun gran desaf\u00edo y mucho trabajo\u201d.<\/strong><\/p>\n<p>&nbsp;<\/p>\n<p><iframe id=\"audio_81590442\" style=\"width: 100%;\" src=\"https:\/\/ar.ivoox.com\/es\/player_ej_81590442_6_1.html\" height=\"200\" frameborder=\"0\" scrolling=\"no\" allowfullscreen=\"allowfullscreen\"><\/iframe><\/p>\n<p>&nbsp;<\/p>\n<p>Celebr\u00f3 este paso \u201cde un \u00e1mbito legislativo al \u00e1mbito donde se ejecutan y se hacen cumplir las leyes\u201d y resalt\u00f3 \u201cel trabajo que se est\u00e1 haciendo desde el gobierno de Alberto Fern\u00e1ndez y de Cristina Fern\u00e1ndez de Kirchner en <strong>un \u00e1rea que cambi\u00f3 mucho porque hay un inter\u00e9s desde el gobierno para que esto funcione<\/strong>\u201d.<\/p>\n<p>&nbsp;<\/p>\n<p>Respecto a las tareas a realizar se encuentra \u201cel monitoreo y la inspecci\u00f3n por Precios Cuidados, por productos que pueden no reportar seguridad para los consumidores, inspecciones por la Ley de Talles, por la Ley de G\u00f3ndolas. Tambi\u00e9n las denuncias que ingresan respecto a la Ley de Defensa al Consumidor, a la Ley de Abastecimiento, a la Ley de Lealtad Comercial, entre otras\u201d.<\/p>\n<p>&nbsp;<\/p>\n<p>Adelant\u00f3 que se encuentra trabajando en la preparaci\u00f3n de una <strong>&#8220;canasta de art\u00edculos escolares\u201d<\/strong> con precios cuidados y \u201cqueremos poner la que estuvo en su momento en las fiestas de los <strong>5 cortes de carne, de forma permanente<\/strong>\u201d. Adem\u00e1s, manifest\u00f3 la intenci\u00f3n de concretar <strong>\u201cuna canasta de productos para los negocios de cercan\u00eda\u201d.<\/strong><\/p>\n<p>&nbsp;<\/p>\n<p><strong>Precios cuidados: \u201cel tema candente\u201d <\/strong><\/p>\n<p>&nbsp;<\/p>\n<p><strong>\u201cLa vedette de esta subsecretaria hoy es Precios Cuidados\u201d<\/strong>, se\u00f1al\u00f3 Schwindt y se explay\u00f3 respecto a la importancia del programa debido a que en la actualidad \u201ces mirado por todo el mundo\u201d y resulta \u201cun tema candente\u201d.<\/p>\n<p>&nbsp;<\/p>\n<p>\u201c<strong>Necesitamos que est\u00e9 funcionando en todo el pa\u00eds.<\/strong> Somos conscientes que mucho de esto funciona en las grandes urbes y en el resto del pa\u00eds es un poco m\u00e1s dif\u00edcil y depende de las gobernaciones y los municipios\u201d, indic\u00f3.<\/p>\n<p>&nbsp;<\/p>\n<p>Una de las tareas principales del \u00e1rea responde al<strong> trabajo y negociaciones con la industria y el empresariado:<\/strong> \u201ctratamos de hacerle entender que tambi\u00e9n tienen que poner un poco el hombro en esto, poner m\u00e1s comprensi\u00f3n porque no se puede hacer cualquier plan de negocios en cualquier tejido social\u201d.<\/p>\n<p>&nbsp;<\/p>\n<p>\u201cNosotros vivimos en Argentina y tenemos hoy casi el 50 % de pobreza. Hay gente que est\u00e1 complicada a la hora de llevar los alimentos a su mesa. <strong>El empresariado tiene que tener esa mirada<\/strong>, no queremos que sea para siempre, pero esta es la realidad hoy\u201d, agreg\u00f3.<\/p>\n<p>&nbsp;<\/p>\n<p>Por otra parte, defendi\u00f3 el rol del programa como <strong>\u201cuna referencia importante de precios. Por lo menos uno sabe cu\u00e1l es el valor de un producto\u201d.<\/strong><\/p>\n<p>&nbsp;<\/p>\n<p><strong>\u201cEn Olavarr\u00eda el control de precios lo est\u00e1 haciendo la Defensor\u00eda del Pueblo de la provincia porque el municipio no tiene ning\u00fan inter\u00e9s en hacerlo y brilla por su ausencia\u201d<\/strong>, concluy\u00f3 respecto al funcionamiento del programa en la pr\u00e1ctica.<\/p>\n","protected":false},"excerpt":{"rendered":"<p>La olavarriense asumi\u00f3 este lunes en la Secretar\u00eda de Comercio Interior de la Naci\u00f3n. En di\u00e1logo con Central Radio habl\u00f3<\/p>\n","protected":false},"author":5,"featured_media":571,"comment_status":"closed","ping_status":"closed","sticky":false,"template":"","format":"standard","meta":{"_jetpack_memberships_contains_paid_content":false,"footnotes":""},"categories":[4,1],"tags":[],"class_list":["post-45279","post","type-post","status-publish","format-standard","has-post-thumbnail","hentry","category-politica","category-portada"],"jetpack_featured_media_url":"https:\/\/i0.wp.com\/cdnoticias.com\/wp-content\/uploads\/2020\/09\/Liliana-Schwindt1.jpg?fit=707%2C403&ssl=1","jetpack_sharing_enabled":true,"_links":{"self":[{"href":"https:\/\/cdnoticias.com\/index.php\/wp-json\/wp\/v2\/posts\/45279","targetHints":{"allow":["GET"]}}],"collection":[{"href":"https:\/\/cdnoticias.com\/index.php\/wp-json\/wp\/v2\/posts"}],"about":[{"href":"https:\/\/cdnoticias.com\/index.php\/wp-json\/wp\/v2\/types\/post"}],"author":[{"embeddable":true,"href":"https:\/\/cdnoticias.com\/index.php\/wp-json\/wp\/v2\/users\/5"}],"replies":[{"embeddable":true,"href":"https:\/\/cdnoticias.com\/index.php\/wp-json\/wp\/v2\/comments?post=45279"}],"version-history":[{"count":0,"href":"https:\/\/cdnoticias.com\/index.php\/wp-json\/wp\/v2\/posts\/45279\/revisions"}],"wp:featuredmedia":[{"embeddable":true,"href":"https:\/\/cdnoticias.com\/index.php\/wp-json\/wp\/v2\/media\/571"}],"wp:attachment":[{"href":"https:\/\/cdnoticias.com\/index.php\/wp-json\/wp\/v2\/media?parent=45279"}],"wp:term":[{"taxonomy":"category","embeddable":true,"href":"https:\/\/cdnoticias.com\/index.php\/wp-json\/wp\/v2\/categories?post=45279"},{"taxonomy":"post_tag","embeddable":true,"href":"https:\/\/cdnoticias.com\/index.php\/wp-json\/wp\/v2\/tags?post=45279"}],"curies":[{"name":"wp","href":"https:\/\/api.w.org\/{rel}","templated":true}]}}