{"id":4522,"date":"2020-10-21T09:07:29","date_gmt":"2020-10-21T12:07:29","guid":{"rendered":"http:\/\/www.centraldenoticias.com.ar\/?p=4522"},"modified":"2020-10-21T11:30:11","modified_gmt":"2020-10-21T14:30:11","slug":"desde-el-mte-local-desmintieron-versiones-de-medios-nacionales","status":"publish","type":"post","link":"https:\/\/cdnoticias.com\/index.php\/2020\/10\/21\/desde-el-mte-local-desmintieron-versiones-de-medios-nacionales\/","title":{"rendered":"Desde el MTE local desmintieron versiones de medios nacionales"},"content":{"rendered":"<p>\u201cFuimos a bancar\u201d explicaron los militantes locales ante versiones que ubicaron a \u201cla gente de Grabois\u201d como responsables de lo sucedido frente al Municipio.<!--more--><\/p>\n<hr \/>\n<p><strong>\u201cLa desinformaci\u00f3n\u201d<\/strong> es el t\u00edtulo del comunicado que el MTE (Movimiento de Trabajadores Excluidos) hizo p\u00fablico despu\u00e9s de las versiones que expusieron medios nacionales donde los vincularon a los hechos que se dieron en la tarde del martes<a href=\"https:\/\/cdnoticias.com\/index.php\/2020\/10\/20\/graves-incidentes-frente-al-municipio-intervino-el-gad\/\" target=\"_blank\" rel=\"noopener\"> frente al Municipio<\/a>.<\/p>\n<p><strong>\u201cHoy frente al Municipio se mezclaron dos reclamos, el derecho a la vivienda (el acampe que viene hace m\u00e1s de 20 d\u00edas impulsado por la Mesa de Emergencia) y la violencia policial, los pibes del skatepark, aburrido, cansados y dolidos por la represi\u00f3n y el abuso de la gorra\u201d<\/strong> establecieron acerca de los hechos.<\/p>\n<blockquote><p>Ante lo cual dejaron en claro que \u201cninguno de esos reclamos los impulsamos nosotros, desde el MTE, `la gente de Grabois\u00b4\u201d.<\/p><\/blockquote>\n<p>Los integrantes locales de la agrupaci\u00f3n estuvieron en el lugar. <strong>\u201cFuimos a bancar, para intentar prestar una garant\u00eda m\u00e1s de que la yuta no les pegue a lxs pibxs, ni a las familias que hacen el reclamo justo de acceso a la vivienda\u201d<\/strong> se explic\u00f3. En referencia a las versiones de medios nacionales subrayaron \u201cesto es humo de los medios. C\u00f3mo siempre. Es m\u00e1s sencillo tirar la pelota que hacerse cargo de los reclamos\u201d.<\/p>\n","protected":false},"excerpt":{"rendered":"<p>\u201cFuimos a bancar\u201d explicaron los militantes locales ante versiones que ubicaron a \u201cla gente de Grabois\u201d como responsables de lo<\/p>\n","protected":false},"author":4,"featured_media":4525,"comment_status":"closed","ping_status":"closed","sticky":false,"template":"","format":"standard","meta":{"_jetpack_memberships_contains_paid_content":false,"footnotes":""},"categories":[4,1],"tags":[],"class_list":["post-4522","post","type-post","status-publish","format-standard","has-post-thumbnail","hentry","category-politica","category-portada"],"jetpack_featured_media_url":"https:\/\/i0.wp.com\/cdnoticias.com\/wp-content\/uploads\/2020\/10\/MTE-distorsion-TN.jpg?fit=1201%2C672&ssl=1","jetpack_sharing_enabled":true,"_links":{"self":[{"href":"https:\/\/cdnoticias.com\/index.php\/wp-json\/wp\/v2\/posts\/4522","targetHints":{"allow":["GET"]}}],"collection":[{"href":"https:\/\/cdnoticias.com\/index.php\/wp-json\/wp\/v2\/posts"}],"about":[{"href":"https:\/\/cdnoticias.com\/index.php\/wp-json\/wp\/v2\/types\/post"}],"author":[{"embeddable":true,"href":"https:\/\/cdnoticias.com\/index.php\/wp-json\/wp\/v2\/users\/4"}],"replies":[{"embeddable":true,"href":"https:\/\/cdnoticias.com\/index.php\/wp-json\/wp\/v2\/comments?post=4522"}],"version-history":[{"count":0,"href":"https:\/\/cdnoticias.com\/index.php\/wp-json\/wp\/v2\/posts\/4522\/revisions"}],"wp:featuredmedia":[{"embeddable":true,"href":"https:\/\/cdnoticias.com\/index.php\/wp-json\/wp\/v2\/media\/4525"}],"wp:attachment":[{"href":"https:\/\/cdnoticias.com\/index.php\/wp-json\/wp\/v2\/media?parent=4522"}],"wp:term":[{"taxonomy":"category","embeddable":true,"href":"https:\/\/cdnoticias.com\/index.php\/wp-json\/wp\/v2\/categories?post=4522"},{"taxonomy":"post_tag","embeddable":true,"href":"https:\/\/cdnoticias.com\/index.php\/wp-json\/wp\/v2\/tags?post=4522"}],"curies":[{"name":"wp","href":"https:\/\/api.w.org\/{rel}","templated":true}]}}