{"id":45201,"date":"2022-01-30T20:18:01","date_gmt":"2022-01-30T23:18:01","guid":{"rendered":"https:\/\/www.centraldenoticias.com.ar\/?p=45201"},"modified":"2022-01-30T20:19:02","modified_gmt":"2022-01-30T23:19:02","slug":"raul-ernesto-vena-raulito-q-e-p-d","status":"publish","type":"post","link":"https:\/\/cdnoticias.com\/index.php\/2022\/01\/30\/raul-ernesto-vena-raulito-q-e-p-d\/","title":{"rendered":"Ra\u00fal Ernesto Vena &#8220;Raulito&#8221;  (Q.E.P.D.)"},"content":{"rendered":"<p>Falleci\u00f3 en Olavarr\u00eda el d\u00eda 30 de Enero de 2022 a los 80 a\u00f1os de edad.<\/p>\n<p>&nbsp;<\/p>\n<p>Su esposa Emma Luc\u00eda Beltr\u00e1n; sus hijos: Mar\u00eda de los \u00c1ngeles y Ra\u00fal Adolfo Vena; sus hijos pol\u00edticos; sus nietos y dem\u00e1s deudos\u00a0 participan su fallecimiento.<\/p>\n<p>&nbsp;<\/p>\n<p>Sus restos ser\u00e1n inhumados este lunes desde las 10:30 en el cementerio Loma de Paz. Servicio adherido a Coopelectric.<\/p>\n<p>&nbsp;<\/p>\n<p>Barrio en el que viv\u00eda: Manuel Belgrano<\/p>\n<p>Lugar de nacimiento: Laprida<\/p>\n<p>Actividad que desarrollaba: Zapatero Jubilado<\/p>\n","protected":false},"excerpt":{"rendered":"<p>Falleci\u00f3 en Olavarr\u00eda el d\u00eda 30 de Enero de 2022 a los 80 a\u00f1os de edad. &nbsp; Su esposa Emma<\/p>\n","protected":false},"author":3,"featured_media":0,"comment_status":"closed","ping_status":"closed","sticky":false,"template":"","format":"standard","meta":{"_jetpack_memberships_contains_paid_content":false,"footnotes":""},"categories":[10],"tags":[],"class_list":["post-45201","post","type-post","status-publish","format-standard","hentry","category-necrologicas"],"jetpack_featured_media_url":"","jetpack_sharing_enabled":true,"_links":{"self":[{"href":"https:\/\/cdnoticias.com\/index.php\/wp-json\/wp\/v2\/posts\/45201","targetHints":{"allow":["GET"]}}],"collection":[{"href":"https:\/\/cdnoticias.com\/index.php\/wp-json\/wp\/v2\/posts"}],"about":[{"href":"https:\/\/cdnoticias.com\/index.php\/wp-json\/wp\/v2\/types\/post"}],"author":[{"embeddable":true,"href":"https:\/\/cdnoticias.com\/index.php\/wp-json\/wp\/v2\/users\/3"}],"replies":[{"embeddable":true,"href":"https:\/\/cdnoticias.com\/index.php\/wp-json\/wp\/v2\/comments?post=45201"}],"version-history":[{"count":0,"href":"https:\/\/cdnoticias.com\/index.php\/wp-json\/wp\/v2\/posts\/45201\/revisions"}],"wp:attachment":[{"href":"https:\/\/cdnoticias.com\/index.php\/wp-json\/wp\/v2\/media?parent=45201"}],"wp:term":[{"taxonomy":"category","embeddable":true,"href":"https:\/\/cdnoticias.com\/index.php\/wp-json\/wp\/v2\/categories?post=45201"},{"taxonomy":"post_tag","embeddable":true,"href":"https:\/\/cdnoticias.com\/index.php\/wp-json\/wp\/v2\/tags?post=45201"}],"curies":[{"name":"wp","href":"https:\/\/api.w.org\/{rel}","templated":true}]}}